{"id":312778,"date":"2024-12-06T15:36:09","date_gmt":"2024-12-06T12:36:09","guid":{"rendered":"https:\/\/sana.sy\/tr\/?p=312778"},"modified":"2024-12-06T17:38:25","modified_gmt":"2024-12-06T14:38:25","slug":"cami-vaizleri-vatandaslari-sabirli-olmaya-ve-soylentilere-kapilmamaya-cagirdi","status":"publish","type":"post","link":"https:\/\/archive.sana.sy\/tr\/?p=312778","title":{"rendered":"Cami Vaizleri Vatanda\u015flar\u0131 Sab\u0131rl\u0131 Olmaya Ve S\u00f6ylentilere Kap\u0131lmamaya \u00c7a\u011f\u0131rd\u0131"},"content":{"rendered":"<p style=\"text-align: justify;\"><span style=\"color: #800000;\"><strong>\u015eAM (SANA)<\/strong> <\/span>&#8211;\u00a0 Bug\u00fcnk\u00fc Cuma hutbesinde cami vaizleri, Suriye&#8217;nin maruz kald\u0131\u011f\u0131 ter\u00f6r sald\u0131r\u0131lar\u0131 kar\u015f\u0131s\u0131nda vatanda\u015flar\u0131 kararl\u0131 olmaya ve Hakikat Allah&#8217;\u0131n ve halk\u0131n\u0131n zaferinden emin olmaya \u00e7a\u011f\u0131rd\u0131.<\/p>\n<p style=\"text-align: justify;\">Vaizlerin hutbesinde ayr\u0131ca, vatanda\u015flara, milleti yok eden en tehlikeli sava\u015f t\u00fcrlerinden biri olan s\u00f6ylentilere kap\u0131lmamalar\u0131, bunlarla kararl\u0131 bir \u015fekilde y\u00fczle\u015fmeleri ve resmi kaynaklar d\u0131\u015f\u0131ndaki verilere g\u00fcvenmemeleri \u00e7a\u011fr\u0131s\u0131nda bulunuldu.<\/p>\n<p style=\"text-align: justify;\">Cami vaizleri \u015funlar\u0131 ekledi: \u2018\u2019Bu zor \u015fartlarda t\u00fcm vatanda\u015flar\u0131m\u0131z\u0131 tek y\u00fcrek olmaya, birbirlerine \u015fefkat g\u00f6stermeye, malzemeleri tekelle\u015ftirmemeye, fiyatlar\u0131 y\u00fckseltmemeye, panik ve korkuya kap\u0131lmamaya \u00e7a\u011f\u0131r\u0131yoruz.<\/p>\n<p style=\"text-align: justify;\">Vaizleri vatan\u0131 savunmak i\u00e7in Suriye Arap Ordusu&#8217;nun arkas\u0131nda birlik olmaya \u00e7a\u011f\u0131rd\u0131 ve bunun herkesin sorumlulu\u011fu oldu\u011funu vurgulad\u0131.<\/p>\n<p style=\"text-align: center;\"><strong><a href=\"https:\/\/t.me\/SuriyeArapHaberAjansI\">Telegram Kanal\u0131m\u0131z\u00a0<\/a><span style=\"color: #ff0000;\">||<\/span><a href=\"https:\/\/twitter.com\/arap_ajans\">X Platformumuz\u00a0<\/a><span style=\"color: #ff0000;\">||<\/span><a href=\"https:\/\/www.facebook.com\/SANAHaberAjansi\/\">Facebook Sayfam\u0131z<\/a><\/strong><\/p>\n","protected":false},"excerpt":{"rendered":"<p>\u015eAM (SANA) &#8211;\u00a0 Bug\u00fcnk\u00fc Cuma hutbesinde cami vaizleri, Suriye&#8217;nin maruz kald\u0131\u011f\u0131 ter\u00f6r sald\u0131r\u0131lar\u0131 kar\u015f\u0131s\u0131nda vatanda\u015flar\u0131 kararl\u0131 olmaya ve Hakikat Allah&#8217;\u0131n ve halk\u0131n\u0131n zaferinden emin olmaya \u00e7a\u011f\u0131rd\u0131. Vaizlerin hutbesinde ayr\u0131ca, vatanda\u015flara, milleti yok eden en tehlikeli sava\u015f t\u00fcrlerinden biri olan s\u00f6ylentilere kap\u0131lmamalar\u0131, bunlarla kararl\u0131 bir \u015fekilde y\u00fczle\u015fmeleri ve resmi kaynaklar d\u0131\u015f\u0131ndaki verilere g\u00fcvenmemeleri \u00e7a\u011fr\u0131s\u0131nda bulunuldu. Cami &hellip;<\/p>\n","protected":false},"author":44,"featured_media":312779,"comment_status":"closed","ping_status":"closed","sticky":false,"template":"","format":"standard","meta":{"footnotes":""},"categories":[589,479,17988,478],"tags":[43046],"class_list":["post-312778","post","type-post","status-publish","format-standard","has-post-thumbnail","","category-haber-seridi","category-haberler-yerel","category-son-haberler","category-yerel","tag-cami-vaizleri-vatandaslari-sabirli-olmaya-ve-soylentilere-kapilmamaya-cagirdi"],"_links":{"self":[{"href":"https:\/\/archive.sana.sy\/tr\/index.php?rest_route=\/wp\/v2\/posts\/312778","targetHints":{"allow":["GET"]}}],"collection":[{"href":"https:\/\/archive.sana.sy\/tr\/index.php?rest_route=\/wp\/v2\/posts"}],"about":[{"href":"https:\/\/archive.sana.sy\/tr\/index.php?rest_route=\/wp\/v2\/types\/post"}],"author":[{"embeddable":true,"href":"https:\/\/archive.sana.sy\/tr\/index.php?rest_route=\/wp\/v2\/users\/44"}],"replies":[{"embeddable":true,"href":"https:\/\/archive.sana.sy\/tr\/index.php?rest_route=%2Fwp%2Fv2%2Fcomments&post=312778"}],"version-history":[{"count":1,"href":"https:\/\/archive.sana.sy\/tr\/index.php?rest_route=\/wp\/v2\/posts\/312778\/revisions"}],"predecessor-version":[{"id":312780,"href":"https:\/\/archive.sana.sy\/tr\/index.php?rest_route=\/wp\/v2\/posts\/312778\/revisions\/312780"}],"wp:featuredmedia":[{"embeddable":true,"href":"https:\/\/archive.sana.sy\/tr\/index.php?rest_route=\/wp\/v2\/media\/312779"}],"wp:attachment":[{"href":"https:\/\/archive.sana.sy\/tr\/index.php?rest_route=%2Fwp%2Fv2%2Fmedia&parent=312778"}],"wp:term":[{"taxonomy":"category","embeddable":true,"href":"https:\/\/archive.sana.sy\/tr\/index.php?rest_route=%2Fwp%2Fv2%2Fcategories&post=312778"},{"taxonomy":"post_tag","embeddable":true,"href":"https:\/\/archive.sana.sy\/tr\/index.php?rest_route=%2Fwp%2Fv2%2Ftags&post=312778"}],"curies":[{"name":"wp","href":"https:\/\/api.w.org\/{rel}","templated":true}]}}