{"id":312791,"date":"2024-12-06T22:00:20","date_gmt":"2024-12-06T19:00:20","guid":{"rendered":"https:\/\/sana.sy\/tr\/?p=312791"},"modified":"2024-12-17T08:49:43","modified_gmt":"2024-12-17T05:49:43","slug":"suriye-irak-ve-iran-disisleri-bakanlari-suriyedeki-teror-orgutleriyle-mucadele-edilmeli-cunku-bunlar-sadece-suriyeyi-degil-tum-bolgeyi-tehdit-ediyor","status":"publish","type":"post","link":"https:\/\/archive.sana.sy\/tr\/?p=312791","title":{"rendered":"Suriye, Irak Ve \u0130ran D\u0131\u015fi\u015fleri Bakanlar\u0131: Suriye&#8217;deki Ter\u00f6r \u00d6rg\u00fctleriyle M\u00fccadele Edilmeli \u00c7\u00fcnk\u00fc Bunlar Sadece Suriye&#8217;yi De\u011fil T\u00fcm B\u00f6lgeyi Tehdit Ediyor"},"content":{"rendered":"<p style=\"text-align: justify;\"><span style=\"color: #800000;\"><strong>BA\u011eDAT (SANA)<\/strong> \u2013\u00a0<\/span> Suriye, Irak ve \u0130ran d\u0131\u015fi\u015fleri bakanlar\u0131 Ba\u011fdat&#8217;taki g\u00f6r\u00fc\u015fmelerinin sonunda d\u00fczenlenen ortak bas\u0131n toplant\u0131s\u0131nda, tehdidi sadece Suriye&#8217;nin g\u00fcvenlik ve istikrar\u0131n\u0131 bozmakla s\u0131n\u0131rl\u0131 de\u011fil, t\u00fcm b\u00f6lgeyi etkiledi\u011fi i\u00e7in Suriye&#8217;deki ter\u00f6r \u00f6rg\u00fctleriyle m\u00fccadelenin gereklili\u011fini vurgulad\u0131lar.<\/p>\n<p style=\"text-align: justify;\">D\u0131\u015fi\u015fleri ve G\u00f6\u00e7menler Bakan\u0131 Bessam Sabba\u011f yapt\u0131\u011f\u0131 a\u00e7\u0131klamada \u015funlar\u0131 s\u00f6yledi: &#8221;Bu sabah Irak Cumhurba\u015fkan\u0131, Ba\u015fbakan, Temsilciler Meclisi, D\u0131\u015fi\u015fleri Bakan\u0131 ve \u0130ran D\u0131\u015fi\u015fleri Bakan\u0131 ile \u00f6nemli toplant\u0131lar ve g\u00f6r\u00fc\u015fmeler ger\u00e7ekle\u015ftirildi. G\u00f6r\u00fc\u015fmede, ter\u00f6r \u00f6rg\u00fct\u00fc olarak kabul edilen ter\u00f6rist El Nusra Cephesi &#8220;Hay&#8217;at Tahrir el \u015eam&#8221;\u0131n ge\u00e7ti\u011fimiz Kas\u0131m ay\u0131nda 27 Kas\u0131m&#8217;da ba\u015flatt\u0131\u011f\u0131 ter\u00f6r sald\u0131r\u0131s\u0131n\u0131n devam etmesi sonucu Suriye&#8217;de ya\u015fanan son geli\u015fmeler ele al\u0131nd\u0131.&#8221;<\/p>\n<p style=\"text-align: justify;\">D\u0131\u015fi\u015fleri ve Gurbet\u00e7iler Bakan\u0131 \u015f\u00f6yle devam etti: &#8221;Suriye Arap Ordusu ve Suriye Silahl\u0131 Kuvvetlerinin bu ter\u00f6r sald\u0131r\u0131s\u0131yla m\u00fccadelede ulusal g\u00f6revlerini yerine getirdi\u011fini ancak muharebe taktiklerine, yeniden konumland\u0131rma ve konu\u015fland\u0131rmaya uygun operasyonlar y\u00fcr\u00fctmek zorunda kald\u0131klar\u0131n\u0131 vurgulad\u0131m. Bunun yan\u0131nda da Suriyelilerin can ve mal g\u00fcvenli\u011fine m\u00fcdahale etmeye c\u00fcret eden herkese kar\u015f\u0131 ordunun g\u00f6revini yapmaya devam edece\u011fi vurguland\u0131.&#8221;<\/p>\n<p style=\"text-align: justify;\">Sabba\u011f ayr\u0131ca, &#8221;Bu ter\u00f6r sald\u0131r\u0131s\u0131n\u0131n arkas\u0131ndaki taraflar\u0131n, Birle\u015fmi\u015f Milletler ve G\u00fcvenlik Konseyi&#8217;nin ter\u00f6rle m\u00fccadeleye ili\u015fkin kararlar\u0131 ile Astana s\u00fcreci \u00e7er\u00e7evesinde onaylanan anla\u015fmalar\u0131 a\u00e7\u0131k\u00e7a ihlal etti\u011fi de do\u011fruland\u0131. Bu tehlikeli ter\u00f6r tehdidinin sadece Suriye&#8217;nin g\u00fcvenlik ve istikrar\u0131na de\u011fil, b\u00f6lge \u00fclkelerinin g\u00fcvenlik ve istikrar\u0131na da tehdit olu\u015fturdu\u011fu bir kez daha vurguland\u0131&#8221; ifadelerini kulland\u0131.<\/p>\n<p style=\"text-align: justify;\">Irak D\u0131\u015fi\u015fleri Bakan\u0131 H\u00fcseyin Fuad ise, &#8221;\u015eu anda Suriye \u015fehirlerinde ve valiliklerinde silahl\u0131 sald\u0131r\u0131lar devam ediyor ve biz Irak&#8217;ta bu sald\u0131r\u0131lar\u0131 k\u0131n\u0131yor, G\u00fcvenlik Konseyi kararlar\u0131 ve a\u00e7\u0131klamalar\u0131na g\u00f6re uluslararas\u0131 olarak s\u0131n\u0131fland\u0131r\u0131lan ter\u00f6r olu\u015fumlar\u0131n\u0131 ve nerede olursa olsun t\u00fcm ter\u00f6r \u00f6rg\u00fctlerini k\u0131n\u0131yoruz. Biz Irak&#8217;ta ter\u00f6r kurban\u0131yd\u0131k ve s\u00f6yledi\u011fim gibi Suriye&#8217;nin g\u00fcvenli\u011fi Irak&#8217;\u0131n g\u00fcvenli\u011fiyle ba\u011flant\u0131l\u0131, iki \u00fclkenin g\u00fcvenli\u011fi de kom\u015fu \u00fclkelerin g\u00fcvenli\u011fiyle ba\u011flant\u0131l\u0131&#8221; dedi.<\/p>\n<p style=\"text-align: justify;\">H\u00fcseyin \u015funlar\u0131 s\u00f6yledi: &#8221;Suriye&#8217;nin \u00e7a\u011fr\u0131s\u0131 \u00fczerine Arap Birli\u011fi&#8217;ni acilen bakanlar d\u00fczeyinde toplant\u0131ya \u00e7a\u011f\u0131raca\u011f\u0131z ve Suriye&#8217;de s\u00fckunetin sa\u011flanmas\u0131 i\u00e7in t\u00fcm diplomatik ara\u00e7lar\u0131 kullanaca\u011f\u0131z. T\u00fcrkiye, BAE, Suudi Arabistan, \u00dcrd\u00fcn, M\u0131s\u0131r gibi pek \u00e7ok d\u0131\u015fi\u015fleri bakan\u0131n\u0131n yan\u0131 s\u0131ra Avrupa ve Bat\u0131 \u00fclkelerinin d\u0131\u015fi\u015fleri bakanlar\u0131yla g\u00f6r\u00fc\u015ft\u00fck. T\u00fcm bu diplomatik faaliyetlerin koordinasyonu amac\u0131yla \u0130ran \u0130slam Cumhuriyeti ve Suriye Arap Cumhuriyeti D\u0131\u015fi\u015fleri Bakanlar\u0131 ile bu temaslar\u0131m\u0131z\u0131 s\u00fcrd\u00fcrece\u011fiz ve birlikte \u00e7al\u0131\u015faca\u011f\u0131z.&#8221;<\/p>\n<p style=\"text-align: justify;\">Buna kar\u015f\u0131l\u0131k \u0130ran D\u0131\u015fi\u015fleri Bakan\u0131 Abbas Irak\u00e7i \u015funlar\u0131 s\u00f6yledi: &#8221;Bug\u00fcn Ba\u011fdat&#8217;ta Cumhurba\u015fkan\u0131, Ba\u015fbakan ve D\u0131\u015fi\u015fleri Bakan\u0131 ile iki \u00fclke aras\u0131ndaki ikili ili\u015fkileri konu\u015ftu\u011fumuz, \u00f6zellikle Suriye&#8217;deki geli\u015fmelere de\u011findi\u011fimiz g\u00fczel g\u00f6r\u00fc\u015fmelerde bulundum. Karde\u015flerle yak\u0131n isti\u015farelerde bulunduk ve Suriye h\u00fck\u00fcmeti ve halk\u0131na y\u00f6nelik tehditler ve bunun kom\u015fu \u00fclkeler ve t\u00fcm b\u00f6lge \u00fczerindeki yans\u0131malar\u0131 konusunda g\u00f6r\u00fc\u015f birli\u011fine var\u0131ld\u0131. Bu nedenle faaliyetlerimizi b\u00f6lgesel ve uluslararas\u0131 d\u00fczeyde ortakla\u015fa s\u00fcrd\u00fcrme karar\u0131 ald\u0131k.&#8221;<\/p>\n<p style=\"text-align: justify;\">\u0130ran D\u0131\u015fi\u015fleri Bakan\u0131, &#8221;Ter\u00f6re kar\u015f\u0131 ortak \u00e7abalar\u0131m\u0131z\u0131n birle\u015ftirilmesi, uluslararas\u0131 toplumun da b\u00f6lge \u00fclkelerinin ter\u00f6re, \u00f6zellikle de \u015fu anda Suriye&#8217;de tan\u0131k oldu\u011fumuz ve su\u00e7lar\u0131n\u0131n orada devam etti\u011fi tekfirci ter\u00f6re kar\u015f\u0131 \u00e7abalar\u0131na destek vermesi gerekiyor&#8221; diyerek, \u0130ran&#8217;\u0131n b\u00f6lgede s\u00fckunet, g\u00fcvenlik ve istikrar\u0131n sa\u011flanmas\u0131na y\u00f6nelik t\u00fcm diplomatik giri\u015fimlere ve \u00e7abalara deste\u011fini vurgulad\u0131.<\/p>\n<p style=\"text-align: center;\"><strong><a href=\"https:\/\/t.me\/SuriyeArapHaberAjansI\">Telegram Kanal\u0131m\u0131z\u00a0<\/a><span style=\"color: #ff0000;\">||<\/span><a href=\"https:\/\/twitter.com\/arap_ajans\">X Platformumuz\u00a0<\/a><span style=\"color: #ff0000;\">||<\/span><a href=\"https:\/\/www.facebook.com\/SANAHaberAjansi\/\">Facebook Sayfam\u0131z<\/a><\/strong><\/p>\n<p style=\"text-align: justify;\">\n","protected":false},"excerpt":{"rendered":"<p>BA\u011eDAT (SANA) \u2013\u00a0 Suriye, Irak ve \u0130ran d\u0131\u015fi\u015fleri bakanlar\u0131 Ba\u011fdat&#8217;taki g\u00f6r\u00fc\u015fmelerinin sonunda d\u00fczenlenen ortak bas\u0131n toplant\u0131s\u0131nda, tehdidi sadece Suriye&#8217;nin g\u00fcvenlik ve istikrar\u0131n\u0131 bozmakla s\u0131n\u0131rl\u0131 de\u011fil, t\u00fcm b\u00f6lgeyi etkiledi\u011fi i\u00e7in Suriye&#8217;deki ter\u00f6r \u00f6rg\u00fctleriyle m\u00fccadelenin gereklili\u011fini vurgulad\u0131lar. D\u0131\u015fi\u015fleri ve G\u00f6\u00e7menler Bakan\u0131 Bessam Sabba\u011f yapt\u0131\u011f\u0131 a\u00e7\u0131klamada \u015funlar\u0131 s\u00f6yledi: &#8221;Bu sabah Irak Cumhurba\u015fkan\u0131, Ba\u015fbakan, Temsilciler Meclisi, D\u0131\u015fi\u015fleri Bakan\u0131 ve &hellip;<\/p>\n","protected":false},"author":44,"featured_media":312792,"comment_status":"closed","ping_status":"closed","sticky":false,"template":"","format":"standard","meta":{"footnotes":""},"categories":[458,459],"tags":[43048,16591],"class_list":["post-312791","post","type-post","status-publish","format-standard","has-post-thumbnail","","category-dunya1","category-haberler-arap-uluslararasi-politika","tag-irak-ve-iran-disisleri-bakanlari-suriyedeki-teror-orgutleriyle-mucadele-edilmeli-cunku-bunlar-sadece-suriyeyi-degil-tum-bolgeyi-tehdit-ediyor","tag-suriye"],"_links":{"self":[{"href":"https:\/\/archive.sana.sy\/tr\/index.php?rest_route=\/wp\/v2\/posts\/312791","targetHints":{"allow":["GET"]}}],"collection":[{"href":"https:\/\/archive.sana.sy\/tr\/index.php?rest_route=\/wp\/v2\/posts"}],"about":[{"href":"https:\/\/archive.sana.sy\/tr\/index.php?rest_route=\/wp\/v2\/types\/post"}],"author":[{"embeddable":true,"href":"https:\/\/archive.sana.sy\/tr\/index.php?rest_route=\/wp\/v2\/users\/44"}],"replies":[{"embeddable":true,"href":"https:\/\/archive.sana.sy\/tr\/index.php?rest_route=%2Fwp%2Fv2%2Fcomments&post=312791"}],"version-history":[{"count":1,"href":"https:\/\/archive.sana.sy\/tr\/index.php?rest_route=\/wp\/v2\/posts\/312791\/revisions"}],"predecessor-version":[{"id":312793,"href":"https:\/\/archive.sana.sy\/tr\/index.php?rest_route=\/wp\/v2\/posts\/312791\/revisions\/312793"}],"wp:featuredmedia":[{"embeddable":true,"href":"https:\/\/archive.sana.sy\/tr\/index.php?rest_route=\/wp\/v2\/media\/312792"}],"wp:attachment":[{"href":"https:\/\/archive.sana.sy\/tr\/index.php?rest_route=%2Fwp%2Fv2%2Fmedia&parent=312791"}],"wp:term":[{"taxonomy":"category","embeddable":true,"href":"https:\/\/archive.sana.sy\/tr\/index.php?rest_route=%2Fwp%2Fv2%2Fcategories&post=312791"},{"taxonomy":"post_tag","embeddable":true,"href":"https:\/\/archive.sana.sy\/tr\/index.php?rest_route=%2Fwp%2Fv2%2Ftags&post=312791"}],"curies":[{"name":"wp","href":"https:\/\/api.w.org\/{rel}","templated":true}]}}