{"id":312794,"date":"2024-12-06T22:15:55","date_gmt":"2024-12-06T19:15:55","guid":{"rendered":"https:\/\/sana.sy\/tr\/?p=312794"},"modified":"2024-12-07T11:35:17","modified_gmt":"2024-12-07T08:35:17","slug":"suriye-irak-ve-iran-disisleri-bakanlari-ortak-aciklamada-suriyenin-guvenligine-yonelik-tehdit-tum-bolgenin-istikrari-icin-genel-bir-tehlike-olusturuyor","status":"publish","type":"post","link":"https:\/\/archive.sana.sy\/tr\/?p=312794","title":{"rendered":"Suriye, Irak Ve \u0130ran D\u0131\u015fi\u015fleri Bakanlar\u0131 Ortak A\u00e7\u0131klamada: Suriye&#8217;nin G\u00fcvenli\u011fine Y\u00f6nelik Tehdit, T\u00fcm B\u00f6lgenin \u0130stikrar\u0131 \u0130\u00e7in Genel Bir Tehlike Olu\u015fturuyor"},"content":{"rendered":"<p style=\"text-align: justify;\"><span style=\"color: #800000;\"><strong>BA<\/strong><strong>\u011eDAT (SANA) \u2013<\/strong><\/span> Suriye, Irak ve \u0130ran d\u0131\u015fi\u015fleri bakanlar\u0131, bug\u00fcn Irak&#8217;\u0131n ba\u015fkenti Ba\u011fdat&#8217;ta yapt\u0131klar\u0131 toplant\u0131n\u0131n ard\u0131ndan yapt\u0131klar\u0131 ortak a\u00e7\u0131klamada, &#8220;Suriye&#8217;nin g\u00fcvenli\u011fine y\u00f6nelik tehdidin, t\u00fcm b\u00f6lgenin istikrar\u0131na y\u00f6nelik genel bir tehlike olu\u015fturdu\u011funu&#8221; do\u011frulayarak, b\u00f6lgedeki gerilimin t\u00fcm risklerini ortadan kald\u0131rmak i\u00e7in koordinasyon, i\u015f birli\u011fi ve s\u00fcrekli diplomatik isti\u015farelerden ba\u015fka se\u00e7ene\u011fin olmad\u0131\u011f\u0131n\u0131 vurgulad\u0131lar.<\/p>\n<p style=\"text-align: justify;\">Irak Haber Ajans\u0131 INA taraf\u0131ndan yay\u0131nlanan a\u00e7\u0131klamaya g\u00f6re, bakanlar toplant\u0131 s\u0131ras\u0131nda \u201cgenel olarak b\u00f6lgenin ve \u00f6zel olarak Suriye&#8217;nin kar\u015f\u0131 kar\u015f\u0131ya oldu\u011fu sorunlara bar\u0131\u015f\u00e7\u0131l \u00e7\u00f6z\u00fcmler bulmak i\u00e7in t\u00fcm Arap, b\u00f6lgesel ve uluslararas\u0131 \u00e7abalar\u0131n seferber edilmesinin gereklili\u011fini vurgulad\u0131 ve ayn\u0131 zamanda, &#8220;G\u00fcvenlik Konseyi taraf\u0131ndan s\u0131n\u0131fland\u0131r\u0131lan t\u00fcm bi\u00e7imleri ve tezah\u00fcrleriyle ter\u00f6rizmin yan\u0131 s\u0131ra \u0130srail&#8217;in Suriye, L\u00fcbnan ve Gazze&#8217;ye y\u00f6nelik devam eden sald\u0131r\u0131lar\u0131n\u0131&#8221; k\u0131nad\u0131lar.<\/p>\n<p style=\"text-align: justify;\">A\u00e7\u0131klamaya g\u00f6re, &#8220;G\u00f6r\u00fc\u015fmede genel olarak b\u00f6lgenin kar\u015f\u0131la\u015ft\u0131\u011f\u0131 zorluklar ve Suriye&#8217;de son d\u00f6nemde ya\u015fanan g\u00fcvenlik geli\u015fmeleri de ele al\u0131nd\u0131rkan, Bakanlar, olay\u0131n ciddiyetine ve b\u00f6lgedeki t\u00fcm taraflara y\u00f6nelik hassasiyetlerine vurgu yapan g\u00f6r\u00fc\u015fler payla\u015ft\u0131 ve \u00fc\u00e7 \u00fclke i\u00e7in ciddi bir tehlike olu\u015fturacak, halklar\u0131n\u0131n ve t\u00fcm b\u00f6lgenin g\u00fcvenli\u011fini tehdit edecek boyutlar\u0131n\u0131n geni\u015fletilmesi olas\u0131l\u0131klar\u0131.\u201d<\/p>\n<p style=\"text-align: justify;\">A\u00e7\u0131klamada \u015funlara dikkat \u00e7ekildi, &#8220;Bu geli\u015fmelerin takip edilmesi ve \u00f6n\u00fcm\u00fczdeki g\u00fcnlerde ya\u015fanacak geli\u015fmelere haz\u0131rl\u0131k amac\u0131yla \u00fc\u00e7 \u00fclke aras\u0131nda isti\u015fare ve koordinasyonun s\u00fcrd\u00fcr\u00fclmesinin gereklili\u011fi \u00fczerinde mutabakata var\u0131ld\u0131. Ayr\u0131ca Suriye&#8217;nin egemenli\u011fine, ba\u011f\u0131ms\u0131zl\u0131\u011f\u0131na, birli\u011fine ve toprak b\u00fct\u00fcnl\u00fc\u011f\u00fcne sayg\u0131 g\u00f6sterilmesi gerekti\u011fi de vurguland\u0131.&#8221;<\/p>\n<p style=\"text-align: justify;\">A\u00e7\u0131klamaya g\u00f6re, \u201cG\u00f6r\u00fc\u015fmede b\u00f6lgenin genel olarak kar\u015f\u0131 kar\u015f\u0131ya oldu\u011fu zorluklar ve Suriye&#8217;de son d\u00f6nemde ya\u015fanan g\u00fcvenlik geli\u015fmeleri de ele al\u0131nd\u0131.<\/p>\n<p style=\"text-align: justify;\">Bakanlar ayr\u0131ca, olaylar\u0131n b\u00f6lgedeki t\u00fcm taraflar a\u00e7\u0131s\u0131ndan ciddiyeti ve \u00fc\u00e7 \u00fclke i\u00e7in ciddi bir tehlike olu\u015fturacak, halklar\u0131n\u0131n ve t\u00fcm b\u00f6lgenin g\u00fcvenli\u011fini tehdit edecek boyutlar\u0131n\u0131n geni\u015fletilmesi olas\u0131l\u0131klar\u0131 \u00fczerinde yo\u011funla\u015fan g\u00f6r\u00fc\u015fler payla\u015ft\u0131.<\/p>\n<p style=\"text-align: justify;\">A\u00e7\u0131klamada, &#8220;Bu geli\u015fmeleri takip etmek ve \u00f6n\u00fcm\u00fczdeki g\u00fcnlerde ya\u015fanabilecek geli\u015fmelere haz\u0131rl\u0131k yapmak amac\u0131yla \u00fc\u00e7 \u00fclke aras\u0131nda isti\u015fare ve koordinasyonun s\u00fcrd\u00fcr\u00fclmesinin gereklili\u011fi konusunda mutabakata var\u0131ld\u0131\u011f\u0131&#8221; belirtildi ve &#8220;Suriye&#8217;nin egemenli\u011fine, ba\u011f\u0131ms\u0131zl\u0131\u011f\u0131na, birli\u011fine ve toprak b\u00fct\u00fcnl\u00fc\u011f\u00fcne sayg\u0131 g\u00f6sterilmesi gerekti\u011fi de vurguland\u0131.&#8221;<\/p>\n<p style=\"text-align: center;\"><strong><a href=\"https:\/\/t.me\/SuriyeArapHaberAjansI\">Telegram Kanal\u0131m\u0131z\u00a0<\/a><span style=\"color: #ff0000;\">||<\/span><a href=\"https:\/\/twitter.com\/arap_ajans\">X Platformumuz\u00a0<\/a><span style=\"color: #ff0000;\">||<\/span><a href=\"https:\/\/www.facebook.com\/SANAHaberAjansi\/\">Facebook Sayfam\u0131z<\/a><\/strong><\/p>\n<p>&nbsp;<\/p>\n","protected":false},"excerpt":{"rendered":"<p>BA\u011eDAT (SANA) \u2013 Suriye, Irak ve \u0130ran d\u0131\u015fi\u015fleri bakanlar\u0131, bug\u00fcn Irak&#8217;\u0131n ba\u015fkenti Ba\u011fdat&#8217;ta yapt\u0131klar\u0131 toplant\u0131n\u0131n ard\u0131ndan yapt\u0131klar\u0131 ortak a\u00e7\u0131klamada, &#8220;Suriye&#8217;nin g\u00fcvenli\u011fine y\u00f6nelik tehdidin, t\u00fcm b\u00f6lgenin istikrar\u0131na y\u00f6nelik genel bir tehlike olu\u015fturdu\u011funu&#8221; do\u011frulayarak, b\u00f6lgedeki gerilimin t\u00fcm risklerini ortadan kald\u0131rmak i\u00e7in koordinasyon, i\u015f birli\u011fi ve s\u00fcrekli diplomatik isti\u015farelerden ba\u015fka se\u00e7ene\u011fin olmad\u0131\u011f\u0131n\u0131 vurgulad\u0131lar. Irak Haber Ajans\u0131 INA taraf\u0131ndan &hellip;<\/p>\n","protected":false},"author":44,"featured_media":312795,"comment_status":"closed","ping_status":"closed","sticky":false,"template":"","format":"standard","meta":{"footnotes":""},"categories":[458,589,459,17988],"tags":[43049,16591,43050],"class_list":["post-312794","post","type-post","status-publish","format-standard","has-post-thumbnail","","category-dunya1","category-haber-seridi","category-haberler-arap-uluslararasi-politika","category-son-haberler","tag-irak-ve-iran-disisleri-bakanlari-ortak-aciklamada-suriyenin-guvenligine-yonelik-tehdit","tag-suriye","tag-tum-bolgenin-istikrari-icin-genel-bir-tehlike-olusturuyor"],"_links":{"self":[{"href":"https:\/\/archive.sana.sy\/tr\/index.php?rest_route=\/wp\/v2\/posts\/312794","targetHints":{"allow":["GET"]}}],"collection":[{"href":"https:\/\/archive.sana.sy\/tr\/index.php?rest_route=\/wp\/v2\/posts"}],"about":[{"href":"https:\/\/archive.sana.sy\/tr\/index.php?rest_route=\/wp\/v2\/types\/post"}],"author":[{"embeddable":true,"href":"https:\/\/archive.sana.sy\/tr\/index.php?rest_route=\/wp\/v2\/users\/44"}],"replies":[{"embeddable":true,"href":"https:\/\/archive.sana.sy\/tr\/index.php?rest_route=%2Fwp%2Fv2%2Fcomments&post=312794"}],"version-history":[{"count":1,"href":"https:\/\/archive.sana.sy\/tr\/index.php?rest_route=\/wp\/v2\/posts\/312794\/revisions"}],"predecessor-version":[{"id":312796,"href":"https:\/\/archive.sana.sy\/tr\/index.php?rest_route=\/wp\/v2\/posts\/312794\/revisions\/312796"}],"wp:featuredmedia":[{"embeddable":true,"href":"https:\/\/archive.sana.sy\/tr\/index.php?rest_route=\/wp\/v2\/media\/312795"}],"wp:attachment":[{"href":"https:\/\/archive.sana.sy\/tr\/index.php?rest_route=%2Fwp%2Fv2%2Fmedia&parent=312794"}],"wp:term":[{"taxonomy":"category","embeddable":true,"href":"https:\/\/archive.sana.sy\/tr\/index.php?rest_route=%2Fwp%2Fv2%2Fcategories&post=312794"},{"taxonomy":"post_tag","embeddable":true,"href":"https:\/\/archive.sana.sy\/tr\/index.php?rest_route=%2Fwp%2Fv2%2Ftags&post=312794"}],"curies":[{"name":"wp","href":"https:\/\/api.w.org\/{rel}","templated":true}]}}