{"id":3128,"date":"2014-06-15T14:26:30","date_gmt":"2014-06-15T11:26:30","guid":{"rendered":"http:\/\/sanasyria.org\/tr\/?p=3128"},"modified":"2014-06-15T15:14:14","modified_gmt":"2014-06-15T12:14:14","slug":"tum-suriyelilerin-hosgorulu-babasi-oldugunu-kanitladi","status":"publish","type":"post","link":"https:\/\/archive.sana.sy\/tr\/?p=3128","title":{"rendered":"T\u00fcm Suriyelilerin Ho\u015fg\u00f6r\u00fcl\u00fc Babas\u0131 Oldu\u011funu Kan\u0131tlad\u0131"},"content":{"rendered":"<p><span style=\"color: #800000\">\u0130LLER \u2013<\/span> Hama ili Ba\u015fsavc\u0131s\u0131 Eyman Dukak 2014\/22 say\u0131l\u0131 genel af karar\u0131 kapsam\u0131nda bug\u00fcn Hama\u2019da 130 ki\u015finin serbest b\u0131rak\u0131ld\u0131\u011f\u0131n\u0131 s\u00f6yledi.<br \/>\nBa\u015fsavc\u0131 Dukak; serbest b\u0131rak\u0131lacak di\u011fer mahkumlar\u0131n dosyalar\u0131n\u0131 inceleme \u00e7al\u0131\u015fmalar\u0131n\u0131n devam etti\u011fine dikkat \u00e7ekerken, genel af karar\u0131n\u0131n insani ve sosyal a\u00e7\u0131dan olumlu yans\u0131malar\u0131na i\u015faret etti.<\/p>\n<p>Hama Valisi Gassan halef serbest b\u0131rak\u0131lanlar\u0131 bu f\u0131rsat\u0131 de\u011ferlendirmekle birlikte aile ve toplumlar\u0131na d\u00f6n\u00fcp normal ya\u015famlar\u0131n\u0131 s\u00fcrd\u00fcrmeye \u00e7a\u011f\u0131rd\u0131.<\/p>\n<p>Serbest b\u0131rak\u0131lan ki\u015filer genel af karar\u0131ndan faydalanmaktan mutluluklar\u0131n\u0131 ifade ederken, genel af karar\u0131n\u0131n devletin t\u00fcm Suriyelilerin ho\u015fg\u00f6r\u00fcl\u00fc babas\u0131 oldu\u011funu kan\u0131tlad\u0131\u011f\u0131na dikkat \u00e7ektiler.<\/p>\n<p><span style=\"color: #0000ff\">Haseke\u2019de 65 Ki\u015fi Serbest B\u0131rak\u0131ld\u0131<\/span><\/p>\n<p>Haseke Ba\u015fsavc\u0131s\u0131 Nas\u0131r Delleli ise yine genel af karar\u0131 kapsam\u0131nda bug\u00fcn 65 ki\u015finin serbest b\u0131rak\u0131ld\u0131\u011f\u0131n\u0131 a\u00e7\u0131klarken, daha \u00f6ncede 5 ki\u015finin genel af karar\u0131ndan faydalan\u0131p serbest b\u0131rak\u0131ld\u0131klar\u0131n\u0131 s\u00f6yledi.<\/p>\n<p>Ba\u015fsavc\u0131 Delleli bir\u00e7ok ki\u015finin genel af karar\u0131ndan faydalanmak i\u00e7in mahkemeye m\u00fcracaat etti\u011fini ifade ederek, dosyalar\u0131n\u0131n incelemeye al\u0131nd\u0131\u011f\u0131n\u0131 belirtti.<\/p>\n<p><span style=\"color: #0000ff\">Homs\u2019ta 37 Ki\u015fi Serbest B\u0131rak\u0131ld\u0131<\/span><\/p>\n<p>Kendi taraf\u0131ndan Homs Ba\u015fsavc\u0131s\u0131 Halit el Neccar genel af karar\u0131 kapsam\u0131nda Homs Merkez Cezaevinden 37 ki\u015finin serbest b\u0131rak\u0131ld\u0131klar\u0131n\u0131 s\u00f6yledi.<\/p>\n<p>Neccar di\u011fer mahkumlar\u0131n dosyalar\u0131n\u0131 inceleme \u00e7al\u0131\u015fmalar\u0131n\u0131n s\u00fcrd\u00fc\u011f\u00fcn\u00fc ifade etti.<\/p>\n","protected":false},"excerpt":{"rendered":"<p>\u0130LLER \u2013 Hama ili Ba\u015fsavc\u0131s\u0131 Eyman Dukak 2014\/22 say\u0131l\u0131 genel af karar\u0131 kapsam\u0131nda bug\u00fcn Hama\u2019da 130 ki\u015finin serbest b\u0131rak\u0131ld\u0131\u011f\u0131n\u0131 s\u00f6yledi. Ba\u015fsavc\u0131 Dukak; serbest b\u0131rak\u0131lacak di\u011fer mahkumlar\u0131n dosyalar\u0131n\u0131 inceleme \u00e7al\u0131\u015fmalar\u0131n\u0131n devam etti\u011fine dikkat \u00e7ekerken, genel af karar\u0131n\u0131n insani ve sosyal a\u00e7\u0131dan olumlu yans\u0131malar\u0131na i\u015faret etti. Hama Valisi Gassan halef serbest b\u0131rak\u0131lanlar\u0131 bu f\u0131rsat\u0131 de\u011ferlendirmekle birlikte aile &hellip;<\/p>\n","protected":false},"author":1,"featured_media":3129,"comment_status":"closed","ping_status":"closed","sticky":false,"template":"","format":"standard","meta":{"footnotes":""},"categories":[479,478],"tags":[694],"class_list":["post-3128","post","type-post","status-publish","format-standard","has-post-thumbnail","","category-haberler-yerel","category-yerel","tag-tum-suriyelilerin-hosgorulu-babasi-oldugunu-kanitladi"],"_links":{"self":[{"href":"https:\/\/archive.sana.sy\/tr\/index.php?rest_route=\/wp\/v2\/posts\/3128","targetHints":{"allow":["GET"]}}],"collection":[{"href":"https:\/\/archive.sana.sy\/tr\/index.php?rest_route=\/wp\/v2\/posts"}],"about":[{"href":"https:\/\/archive.sana.sy\/tr\/index.php?rest_route=\/wp\/v2\/types\/post"}],"author":[{"embeddable":true,"href":"https:\/\/archive.sana.sy\/tr\/index.php?rest_route=\/wp\/v2\/users\/1"}],"replies":[{"embeddable":true,"href":"https:\/\/archive.sana.sy\/tr\/index.php?rest_route=%2Fwp%2Fv2%2Fcomments&post=3128"}],"version-history":[{"count":0,"href":"https:\/\/archive.sana.sy\/tr\/index.php?rest_route=\/wp\/v2\/posts\/3128\/revisions"}],"wp:featuredmedia":[{"embeddable":true,"href":"https:\/\/archive.sana.sy\/tr\/index.php?rest_route=\/wp\/v2\/media\/3129"}],"wp:attachment":[{"href":"https:\/\/archive.sana.sy\/tr\/index.php?rest_route=%2Fwp%2Fv2%2Fmedia&parent=3128"}],"wp:term":[{"taxonomy":"category","embeddable":true,"href":"https:\/\/archive.sana.sy\/tr\/index.php?rest_route=%2Fwp%2Fv2%2Fcategories&post=3128"},{"taxonomy":"post_tag","embeddable":true,"href":"https:\/\/archive.sana.sy\/tr\/index.php?rest_route=%2Fwp%2Fv2%2Ftags&post=3128"}],"curies":[{"name":"wp","href":"https:\/\/api.w.org\/{rel}","templated":true}]}}