{"id":31280,"date":"2015-04-29T08:53:07","date_gmt":"2015-04-29T05:53:07","guid":{"rendered":"http:\/\/www.sana.sy\/tr\/?p=31280"},"modified":"2015-04-29T08:53:07","modified_gmt":"2015-04-29T05:53:07","slug":"ordu-ve-silahli-kuvvetler-genel-komutan-yardimcisi-savunma-bakani-fehd-casim-el-freyc-iran-ulusal-guvenlik-yuksek-konseyi-baskani-ali-samhani-ile-suriye-ve-iran-arasinda-stratejik-iliskilerin-muhtel","status":"publish","type":"post","link":"https:\/\/archive.sana.sy\/tr\/?p=31280","title":{"rendered":"Ordu ve Silahl\u0131 Kuvvetler Genel Komutan Yard\u0131mc\u0131s\u0131 Savunma Bakan\u0131 Fehd Casim el Freyc, \u0130ran Ulusal G\u00fcvenlik Y\u00fcksek Konseyi Ba\u015fkan\u0131 Ali \u015eamhani ile, Suriye ve \u0130ran aras\u0131nda stratejik ili\u015fkilerin muhtelif alanlarda peki\u015ftirilmesi yan\u0131 s\u0131ra b\u00f6lgenin tan\u0131k oldu\u011fu meydan okumalar kar\u015f\u0131s\u0131nda durmak i\u00e7in ortak \u00e7al\u0131\u015fmalar\u0131 peki\u015ftirme mekanizmas\u0131n\u0131 ele ald\u0131."},"content":{"rendered":"<p>Ordu ve Silahl\u0131 Kuvvetler Genel Komutan Yard\u0131mc\u0131s\u0131 Savunma Bakan\u0131 Fehd Casim el Freyc, \u0130ran Ulusal G\u00fcvenlik Y\u00fcksek Konseyi Ba\u015fkan\u0131 Ali \u015eamhani ile, Suriye ve \u0130ran aras\u0131nda stratejik ili\u015fkilerin muhtelif alanlarda peki\u015ftirilmesi yan\u0131 s\u0131ra b\u00f6lgenin tan\u0131k oldu\u011fu meydan okumalar kar\u015f\u0131s\u0131nda durmak i\u00e7in ortak \u00e7al\u0131\u015fmalar\u0131 peki\u015ftirme mekanizmas\u0131n\u0131 ele ald\u0131.<\/p>\n","protected":false},"excerpt":{"rendered":"<p>Ordu ve Silahl\u0131 Kuvvetler Genel Komutan Yard\u0131mc\u0131s\u0131 Savunma Bakan\u0131 Fehd Casim el Freyc, \u0130ran Ulusal G\u00fcvenlik Y\u00fcksek Konseyi Ba\u015fkan\u0131 Ali \u015eamhani ile, Suriye ve \u0130ran aras\u0131nda stratejik ili\u015fkilerin muhtelif alanlarda peki\u015ftirilmesi yan\u0131 s\u0131ra b\u00f6lgenin tan\u0131k oldu\u011fu meydan okumalar kar\u015f\u0131s\u0131nda durmak i\u00e7in ortak \u00e7al\u0131\u015fmalar\u0131 peki\u015ftirme mekanizmas\u0131n\u0131 ele ald\u0131.<\/p>\n","protected":false},"author":1,"featured_media":0,"comment_status":"closed","ping_status":"closed","sticky":false,"template":"","format":"standard","meta":{"footnotes":""},"categories":[1],"tags":[],"class_list":["post-31280","post","type-post","status-publish","format-standard","","category-news-not-sorted"],"_links":{"self":[{"href":"https:\/\/archive.sana.sy\/tr\/index.php?rest_route=\/wp\/v2\/posts\/31280","targetHints":{"allow":["GET"]}}],"collection":[{"href":"https:\/\/archive.sana.sy\/tr\/index.php?rest_route=\/wp\/v2\/posts"}],"about":[{"href":"https:\/\/archive.sana.sy\/tr\/index.php?rest_route=\/wp\/v2\/types\/post"}],"author":[{"embeddable":true,"href":"https:\/\/archive.sana.sy\/tr\/index.php?rest_route=\/wp\/v2\/users\/1"}],"replies":[{"embeddable":true,"href":"https:\/\/archive.sana.sy\/tr\/index.php?rest_route=%2Fwp%2Fv2%2Fcomments&post=31280"}],"version-history":[{"count":0,"href":"https:\/\/archive.sana.sy\/tr\/index.php?rest_route=\/wp\/v2\/posts\/31280\/revisions"}],"wp:attachment":[{"href":"https:\/\/archive.sana.sy\/tr\/index.php?rest_route=%2Fwp%2Fv2%2Fmedia&parent=31280"}],"wp:term":[{"taxonomy":"category","embeddable":true,"href":"https:\/\/archive.sana.sy\/tr\/index.php?rest_route=%2Fwp%2Fv2%2Fcategories&post=31280"},{"taxonomy":"post_tag","embeddable":true,"href":"https:\/\/archive.sana.sy\/tr\/index.php?rest_route=%2Fwp%2Fv2%2Ftags&post=31280"}],"curies":[{"name":"wp","href":"https:\/\/api.w.org\/{rel}","templated":true}]}}