{"id":313051,"date":"2024-12-26T14:00:01","date_gmt":"2024-12-26T11:00:01","guid":{"rendered":"https:\/\/sana.sy\/tr\/?p=313051"},"modified":"2024-12-26T14:00:01","modified_gmt":"2024-12-26T11:00:01","slug":"fotogarflarla-esada-bagli-milislerin-tartus-kirsalindaki-icisleri-bakanligi-devriyesine-yonelik-hain-saldirinin-etkileri","status":"publish","type":"post","link":"https:\/\/archive.sana.sy\/tr\/?p=313051","title":{"rendered":"Foto\u011farflarla\u2026 Esad&#8217;a Ba\u011fl\u0131 Milislerin Tartus K\u0131rsal\u0131ndaki \u0130\u00e7i\u015fleri Bakanl\u0131\u011f\u0131 Devriyesine Y\u00f6nelik Hain Sald\u0131r\u0131n\u0131n Etkileri\u2026"},"content":{"rendered":"<p style=\"text-align: justify;\"><strong><span style=\"color: #800000;\">TARTUS (SANA)<\/span> &#8211;<\/strong> \u00a0SANA ajans\u0131, d\u00fcn Tartus k\u0131rsal\u0131ndaki Hirbet El Maaza k\u00f6y\u00fcnde Esad&#8217;a ba\u011fl\u0131 milislerin \u0130\u00e7i\u015fleri Bakanl\u0131\u011f\u0131 devriyesine d\u00fczenledi\u011fi ve devriye mensuplar\u0131n\u0131n \u015fehit olmas\u0131yla sonu\u00e7landi\u011fi hain sald\u0131r\u0131n\u0131n g\u00f6r\u00fcnt\u00fclerini elde etti.<\/p>\n<p style=\"text-align: justify;\">\u0130\u00e7i\u015fleri Bakan\u0131 Muhammed Abdurrahman&#8217;\u0131n a\u00e7\u0131klamas\u0131na g\u00f6re, hain sald\u0131r\u0131da b\u00f6lgede g\u00fcvenli\u011fi ve istikrar\u0131 sa\u011flama ve b\u00f6lge sakinlerinin g\u00fcvenli\u011fini sa\u011flama g\u00f6revini y\u00fcr\u00fcten devriyedeki 14 ki\u015fi \u015fehit oldu, 10 ki\u015fi de yaraland\u0131.<\/p>\n<div id='gallery-1' class='gallery galleryid-313051 gallery-columns-3 gallery-size-thumbnail'><figure class='gallery-item'>\n\t\t\t<div class='gallery-icon landscape'>\n\t\t\t\t<a href='https:\/\/archive.sana.sy\/tr\/?attachment_id=313053'><img loading=\"lazy\" decoding=\"async\" width=\"150\" height=\"150\" src=\"https:\/\/archive.sana.sy\/tr\/wp-content\/uploads\/2024\/12\/555555-150x150.jpg\" class=\"attachment-thumbnail size-thumbnail\" alt=\"\" \/><\/a>\n\t\t\t<\/div><\/figure><figure class='gallery-item'>\n\t\t\t<div class='gallery-icon landscape'>\n\t\t\t\t<a href='https:\/\/archive.sana.sy\/tr\/?attachment_id=313054'><img loading=\"lazy\" decoding=\"async\" width=\"150\" height=\"150\" src=\"https:\/\/archive.sana.sy\/tr\/wp-content\/uploads\/2024\/12\/22222222-150x150.jpg\" class=\"attachment-thumbnail size-thumbnail\" alt=\"\" \/><\/a>\n\t\t\t<\/div><\/figure><figure class='gallery-item'>\n\t\t\t<div class='gallery-icon landscape'>\n\t\t\t\t<a href='https:\/\/archive.sana.sy\/tr\/?attachment_id=313055'><img loading=\"lazy\" decoding=\"async\" width=\"150\" height=\"150\" src=\"https:\/\/archive.sana.sy\/tr\/wp-content\/uploads\/2024\/12\/3333333333-150x150.jpg\" class=\"attachment-thumbnail size-thumbnail\" alt=\"\" \/><\/a>\n\t\t\t<\/div><\/figure>\n\t\t<\/div>\n\n","protected":false},"excerpt":{"rendered":"<p>TARTUS (SANA) &#8211; \u00a0SANA ajans\u0131, d\u00fcn Tartus k\u0131rsal\u0131ndaki Hirbet El Maaza k\u00f6y\u00fcnde Esad&#8217;a ba\u011fl\u0131 milislerin \u0130\u00e7i\u015fleri Bakanl\u0131\u011f\u0131 devriyesine d\u00fczenledi\u011fi ve devriye mensuplar\u0131n\u0131n \u015fehit olmas\u0131yla sonu\u00e7landi\u011fi hain sald\u0131r\u0131n\u0131n g\u00f6r\u00fcnt\u00fclerini elde etti. \u0130\u00e7i\u015fleri Bakan\u0131 Muhammed Abdurrahman&#8217;\u0131n a\u00e7\u0131klamas\u0131na g\u00f6re, hain sald\u0131r\u0131da b\u00f6lgede g\u00fcvenli\u011fi ve istikrar\u0131 sa\u011flama ve b\u00f6lge sakinlerinin g\u00fcvenli\u011fini sa\u011flama g\u00f6revini y\u00fcr\u00fcten devriyedeki 14 ki\u015fi \u015fehit oldu, &hellip;<\/p>\n","protected":false},"author":41,"featured_media":313052,"comment_status":"closed","ping_status":"closed","sticky":false,"template":"","format":"standard","meta":{"footnotes":""},"categories":[589,479,575,17988,478],"tags":[],"class_list":["post-313051","post","type-post","status-publish","format-standard","has-post-thumbnail","","category-haber-seridi","category-haberler-yerel","category-olaylar-ve-gercekler","category-son-haberler","category-yerel"],"_links":{"self":[{"href":"https:\/\/archive.sana.sy\/tr\/index.php?rest_route=\/wp\/v2\/posts\/313051","targetHints":{"allow":["GET"]}}],"collection":[{"href":"https:\/\/archive.sana.sy\/tr\/index.php?rest_route=\/wp\/v2\/posts"}],"about":[{"href":"https:\/\/archive.sana.sy\/tr\/index.php?rest_route=\/wp\/v2\/types\/post"}],"author":[{"embeddable":true,"href":"https:\/\/archive.sana.sy\/tr\/index.php?rest_route=\/wp\/v2\/users\/41"}],"replies":[{"embeddable":true,"href":"https:\/\/archive.sana.sy\/tr\/index.php?rest_route=%2Fwp%2Fv2%2Fcomments&post=313051"}],"version-history":[{"count":1,"href":"https:\/\/archive.sana.sy\/tr\/index.php?rest_route=\/wp\/v2\/posts\/313051\/revisions"}],"predecessor-version":[{"id":313056,"href":"https:\/\/archive.sana.sy\/tr\/index.php?rest_route=\/wp\/v2\/posts\/313051\/revisions\/313056"}],"wp:featuredmedia":[{"embeddable":true,"href":"https:\/\/archive.sana.sy\/tr\/index.php?rest_route=\/wp\/v2\/media\/313052"}],"wp:attachment":[{"href":"https:\/\/archive.sana.sy\/tr\/index.php?rest_route=%2Fwp%2Fv2%2Fmedia&parent=313051"}],"wp:term":[{"taxonomy":"category","embeddable":true,"href":"https:\/\/archive.sana.sy\/tr\/index.php?rest_route=%2Fwp%2Fv2%2Fcategories&post=313051"},{"taxonomy":"post_tag","embeddable":true,"href":"https:\/\/archive.sana.sy\/tr\/index.php?rest_route=%2Fwp%2Fv2%2Ftags&post=313051"}],"curies":[{"name":"wp","href":"https:\/\/api.w.org\/{rel}","templated":true}]}}