{"id":313062,"date":"2024-12-26T13:55:49","date_gmt":"2024-12-26T10:55:49","guid":{"rendered":"https:\/\/sana.sy\/tr\/?p=313062"},"modified":"2024-12-26T14:20:11","modified_gmt":"2024-12-26T11:20:11","slug":"saglik-bakani-vekili-suriye-genelindeki-saglik-tesislerinin-ihtiyaclarini-karsilamaya-basladik","status":"publish","type":"post","link":"https:\/\/archive.sana.sy\/tr\/?p=313062","title":{"rendered":"Sa\u011fl\u0131k Bakan\u0131 Vekili: Suriye Genelindeki Sa\u011fl\u0131k Tesislerinin \u0130htiya\u00e7lar\u0131n\u0131 Kar\u015f\u0131lamaya Ba\u015flad\u0131k"},"content":{"rendered":"<p style=\"text-align: justify;\"><strong><span style=\"color: #800000;\">\u015eAM (SANA)<\/span> &#8211;<\/strong> Ge\u00e7ici h\u00fck\u00fcmetteki Sa\u011fl\u0131k Bakan Vekili Dr. Ahmed El \u015eara, bakanl\u0131\u011f\u0131n t\u00fcm kadrolar\u0131yla, t\u00fcm illerdeki sa\u011fl\u0131k tesislerinin vatanda\u015flara hizmet vermeye devam etmesini g\u00fcvence alt\u0131na almak ve t\u00fcm ihtiya\u00e7lar\u0131 kar\u015f\u0131lamak i\u00e7in gece g\u00fcnd\u00fcz \u00e7al\u0131\u015ft\u0131\u011f\u0131n\u0131 do\u011frulad\u0131.<\/p>\n<p style=\"text-align: justify;\">Dr. El \u015eara Dera Ulusal Hastanesi&#8217;ni ziyareti ve Dera Valili\u011fi hastanelerinin m\u00fcd\u00fcrleri ve sa\u011fl\u0131k kadrolar\u0131yla yapt\u0131\u011f\u0131 toplant\u0131 s\u0131ras\u0131nda Sa\u011fl\u0131k Bakanl\u0131\u011f\u0131&#8217;n\u0131n son g\u00fcnlerde Suriye genelindeki t\u00fcm tesislerde sa\u011fl\u0131k m\u00fcd\u00fcrl\u00fckleriyle i\u015fbirli\u011fi i\u00e7erisinde ihtiya\u00e7 de\u011ferlendirmesi yapt\u0131\u011f\u0131n\u0131 belirterek, bu ihtiya\u00e7lar\u0131n kar\u015f\u0131lanmas\u0131 i\u00e7in \u00e7al\u0131\u015fmalar\u0131n ba\u015flat\u0131ld\u0131\u011f\u0131n\u0131 belirtti.<\/p>\n<p style=\"text-align: justify;\">Kat\u0131l\u0131mc\u0131lar\u0131n Bakanl\u0131\u011f\u0131n sa\u011fl\u0131k sekt\u00f6r\u00fcndeki personel say\u0131s\u0131n\u0131 azaltma niyetine ili\u015fkin sorular\u0131na yan\u0131t olarak Dr. El \u015eara, h\u00fck\u00fcmetin sa\u011fl\u0131k sekt\u00f6r\u00fcnde \u00e7al\u0131\u015fanlar\u0131 i\u015ften \u00e7\u0131karmak gibi bir niyetinin olmad\u0131\u011f\u0131n\u0131, aksine \u00e7al\u0131\u015fan insan kadrolar\u0131n\u0131n a\u015famal\u0131 olarak yeniden yap\u0131land\u0131r\u0131lmas\u0131 konusunda bir plan bulundu\u011funu, b\u00f6ylece halk\u0131m\u0131za hizmetin en iyi \u015fekilde verilebilmesinin g\u00fcvence alt\u0131na al\u0131nd\u0131\u011f\u0131n\u0131 \u00a0da vurgulad\u0131.<\/p>\n<div id='gallery-1' class='gallery galleryid-313062 gallery-columns-3 gallery-size-thumbnail'><figure class='gallery-item'>\n\t\t\t<div class='gallery-icon landscape'>\n\t\t\t\t<a href='https:\/\/archive.sana.sy\/tr\/?attachment_id=313064'><img loading=\"lazy\" decoding=\"async\" width=\"150\" height=\"150\" src=\"https:\/\/archive.sana.sy\/tr\/wp-content\/uploads\/2024\/12\/11-3-150x150.jpg\" class=\"attachment-thumbnail size-thumbnail\" alt=\"\" \/><\/a>\n\t\t\t<\/div><\/figure><figure class='gallery-item'>\n\t\t\t<div class='gallery-icon landscape'>\n\t\t\t\t<a href='https:\/\/archive.sana.sy\/tr\/?attachment_id=313065'><img loading=\"lazy\" decoding=\"async\" width=\"150\" height=\"150\" src=\"https:\/\/archive.sana.sy\/tr\/wp-content\/uploads\/2024\/12\/22-2-150x150.jpg\" class=\"attachment-thumbnail size-thumbnail\" alt=\"\" \/><\/a>\n\t\t\t<\/div><\/figure><figure class='gallery-item'>\n\t\t\t<div class='gallery-icon landscape'>\n\t\t\t\t<a href='https:\/\/archive.sana.sy\/tr\/?attachment_id=313066'><img loading=\"lazy\" decoding=\"async\" width=\"150\" height=\"150\" src=\"https:\/\/archive.sana.sy\/tr\/wp-content\/uploads\/2024\/12\/33-150x150.jpg\" class=\"attachment-thumbnail size-thumbnail\" alt=\"\" \/><\/a>\n\t\t\t<\/div><\/figure>\n\t\t<\/div>\n\n<p style=\"text-align: center;\"><strong><a href=\"https:\/\/t.me\/SuriyeArapHaberAjansI\">Telegram Kanal\u0131m\u0131z\u00a0<\/a><span style=\"color: #ff0000;\">||<\/span><a href=\"https:\/\/twitter.com\/arap_ajans\">X Platformumuz\u00a0<\/a><span style=\"color: #ff0000;\">||<\/span><a href=\"https:\/\/www.facebook.com\/SANAHaberAjansi\/\">Facebook Sayfam\u0131z<\/a><\/strong><\/p>\n","protected":false},"excerpt":{"rendered":"<p>\u015eAM (SANA) &#8211; Ge\u00e7ici h\u00fck\u00fcmetteki Sa\u011fl\u0131k Bakan Vekili Dr. Ahmed El \u015eara, bakanl\u0131\u011f\u0131n t\u00fcm kadrolar\u0131yla, t\u00fcm illerdeki sa\u011fl\u0131k tesislerinin vatanda\u015flara hizmet vermeye devam etmesini g\u00fcvence alt\u0131na almak ve t\u00fcm ihtiya\u00e7lar\u0131 kar\u015f\u0131lamak i\u00e7in gece g\u00fcnd\u00fcz \u00e7al\u0131\u015ft\u0131\u011f\u0131n\u0131 do\u011frulad\u0131. Dr. El \u015eara Dera Ulusal Hastanesi&#8217;ni ziyareti ve Dera Valili\u011fi hastanelerinin m\u00fcd\u00fcrleri ve sa\u011fl\u0131k kadrolar\u0131yla yapt\u0131\u011f\u0131 toplant\u0131 s\u0131ras\u0131nda Sa\u011fl\u0131k &hellip;<\/p>\n","protected":false},"author":41,"featured_media":313063,"comment_status":"closed","ping_status":"closed","sticky":false,"template":"","format":"standard","meta":{"footnotes":""},"categories":[589,479,17988,478],"tags":[43084],"class_list":["post-313062","post","type-post","status-publish","format-standard","has-post-thumbnail","","category-haber-seridi","category-haberler-yerel","category-son-haberler","category-yerel","tag-saglik-bakani-vekili-suriye-genelindeki-saglik-tesislerinin-ihtiyaclarini-karsilamaya-basladik"],"_links":{"self":[{"href":"https:\/\/archive.sana.sy\/tr\/index.php?rest_route=\/wp\/v2\/posts\/313062","targetHints":{"allow":["GET"]}}],"collection":[{"href":"https:\/\/archive.sana.sy\/tr\/index.php?rest_route=\/wp\/v2\/posts"}],"about":[{"href":"https:\/\/archive.sana.sy\/tr\/index.php?rest_route=\/wp\/v2\/types\/post"}],"author":[{"embeddable":true,"href":"https:\/\/archive.sana.sy\/tr\/index.php?rest_route=\/wp\/v2\/users\/41"}],"replies":[{"embeddable":true,"href":"https:\/\/archive.sana.sy\/tr\/index.php?rest_route=%2Fwp%2Fv2%2Fcomments&post=313062"}],"version-history":[{"count":1,"href":"https:\/\/archive.sana.sy\/tr\/index.php?rest_route=\/wp\/v2\/posts\/313062\/revisions"}],"predecessor-version":[{"id":313067,"href":"https:\/\/archive.sana.sy\/tr\/index.php?rest_route=\/wp\/v2\/posts\/313062\/revisions\/313067"}],"wp:featuredmedia":[{"embeddable":true,"href":"https:\/\/archive.sana.sy\/tr\/index.php?rest_route=\/wp\/v2\/media\/313063"}],"wp:attachment":[{"href":"https:\/\/archive.sana.sy\/tr\/index.php?rest_route=%2Fwp%2Fv2%2Fmedia&parent=313062"}],"wp:term":[{"taxonomy":"category","embeddable":true,"href":"https:\/\/archive.sana.sy\/tr\/index.php?rest_route=%2Fwp%2Fv2%2Fcategories&post=313062"},{"taxonomy":"post_tag","embeddable":true,"href":"https:\/\/archive.sana.sy\/tr\/index.php?rest_route=%2Fwp%2Fv2%2Ftags&post=313062"}],"curies":[{"name":"wp","href":"https:\/\/api.w.org\/{rel}","templated":true}]}}