{"id":313167,"date":"2024-12-30T11:48:50","date_gmt":"2024-12-30T08:48:50","guid":{"rendered":"https:\/\/sana.sy\/tr\/?p=313167"},"modified":"2024-12-30T12:50:56","modified_gmt":"2024-12-30T09:50:56","slug":"adalet-bakani-suveydada-adli-islerin-geri-donusune-yonelik-mekanizmalari-gorustu","status":"publish","type":"post","link":"https:\/\/archive.sana.sy\/tr\/?p=313167","title":{"rendered":"Adalet Bakan\u0131, Suveyda\u2019da Adli \u0130\u015flerin Geri D\u00f6n\u00fc\u015f\u00fcne Y\u00f6nelik Mekanizmalar\u0131 G\u00f6r\u00fc\u015ft\u00fc"},"content":{"rendered":"<p style=\"text-align: justify;\"><strong><span style=\"color: #800000;\">SUVEYDA (SANA)<\/span> &#8211;<\/strong>\u00a0 Adalet Bakan\u0131 \u015eadi El Veysi, Suwayda&#8217;daki Adli Saray&#8217;daki hakimler ve \u00e7al\u0131\u015fanlarla adli i\u015flerin geri d\u00f6n\u00fc\u015f\u00fcne y\u00f6nelik mekanizmalar\u0131 ve su\u00e7 rejiminin \u00e7\u00f6k\u00fc\u015f\u00fcnden sonraki bir sonraki a\u015faman\u0131n yetkilerini masaya yat\u0131rd\u0131.<\/p>\n<div id='gallery-1' class='gallery galleryid-313167 gallery-columns-3 gallery-size-thumbnail'><figure class='gallery-item'>\n\t\t\t<div class='gallery-icon landscape'>\n\t\t\t\t<a href='https:\/\/archive.sana.sy\/tr\/?attachment_id=313168'><img loading=\"lazy\" decoding=\"async\" width=\"150\" height=\"150\" src=\"https:\/\/archive.sana.sy\/tr\/wp-content\/uploads\/2024\/12\/1-17-150x150.jpg\" class=\"attachment-thumbnail size-thumbnail\" alt=\"\" \/><\/a>\n\t\t\t<\/div><\/figure><figure class='gallery-item'>\n\t\t\t<div class='gallery-icon landscape'>\n\t\t\t\t<a href='https:\/\/archive.sana.sy\/tr\/?attachment_id=313169'><img loading=\"lazy\" decoding=\"async\" width=\"150\" height=\"150\" src=\"https:\/\/archive.sana.sy\/tr\/wp-content\/uploads\/2024\/12\/2-18-150x150.jpg\" class=\"attachment-thumbnail size-thumbnail\" alt=\"\" \/><\/a>\n\t\t\t<\/div><\/figure><figure class='gallery-item'>\n\t\t\t<div class='gallery-icon landscape'>\n\t\t\t\t<a href='https:\/\/archive.sana.sy\/tr\/?attachment_id=313170'><img loading=\"lazy\" decoding=\"async\" width=\"150\" height=\"150\" src=\"https:\/\/archive.sana.sy\/tr\/wp-content\/uploads\/2024\/12\/3-20-150x150.jpg\" class=\"attachment-thumbnail size-thumbnail\" alt=\"\" \/><\/a>\n\t\t\t<\/div><\/figure>\n\t\t<\/div>\n\n","protected":false},"excerpt":{"rendered":"<p>SUVEYDA (SANA) &#8211;\u00a0 Adalet Bakan\u0131 \u015eadi El Veysi, Suwayda&#8217;daki Adli Saray&#8217;daki hakimler ve \u00e7al\u0131\u015fanlarla adli i\u015flerin geri d\u00f6n\u00fc\u015f\u00fcne y\u00f6nelik mekanizmalar\u0131 ve su\u00e7 rejiminin \u00e7\u00f6k\u00fc\u015f\u00fcnden sonraki bir sonraki a\u015faman\u0131n yetkilerini masaya yat\u0131rd\u0131.<\/p>\n","protected":false},"author":41,"featured_media":313172,"comment_status":"closed","ping_status":"closed","sticky":false,"template":"","format":"standard","meta":{"footnotes":""},"categories":[589,479,17988,478],"tags":[],"class_list":["post-313167","post","type-post","status-publish","format-standard","has-post-thumbnail","","category-haber-seridi","category-haberler-yerel","category-son-haberler","category-yerel"],"_links":{"self":[{"href":"https:\/\/archive.sana.sy\/tr\/index.php?rest_route=\/wp\/v2\/posts\/313167","targetHints":{"allow":["GET"]}}],"collection":[{"href":"https:\/\/archive.sana.sy\/tr\/index.php?rest_route=\/wp\/v2\/posts"}],"about":[{"href":"https:\/\/archive.sana.sy\/tr\/index.php?rest_route=\/wp\/v2\/types\/post"}],"author":[{"embeddable":true,"href":"https:\/\/archive.sana.sy\/tr\/index.php?rest_route=\/wp\/v2\/users\/41"}],"replies":[{"embeddable":true,"href":"https:\/\/archive.sana.sy\/tr\/index.php?rest_route=%2Fwp%2Fv2%2Fcomments&post=313167"}],"version-history":[{"count":1,"href":"https:\/\/archive.sana.sy\/tr\/index.php?rest_route=\/wp\/v2\/posts\/313167\/revisions"}],"predecessor-version":[{"id":313171,"href":"https:\/\/archive.sana.sy\/tr\/index.php?rest_route=\/wp\/v2\/posts\/313167\/revisions\/313171"}],"wp:featuredmedia":[{"embeddable":true,"href":"https:\/\/archive.sana.sy\/tr\/index.php?rest_route=\/wp\/v2\/media\/313172"}],"wp:attachment":[{"href":"https:\/\/archive.sana.sy\/tr\/index.php?rest_route=%2Fwp%2Fv2%2Fmedia&parent=313167"}],"wp:term":[{"taxonomy":"category","embeddable":true,"href":"https:\/\/archive.sana.sy\/tr\/index.php?rest_route=%2Fwp%2Fv2%2Fcategories&post=313167"},{"taxonomy":"post_tag","embeddable":true,"href":"https:\/\/archive.sana.sy\/tr\/index.php?rest_route=%2Fwp%2Fv2%2Ftags&post=313167"}],"curies":[{"name":"wp","href":"https:\/\/api.w.org\/{rel}","templated":true}]}}