{"id":313198,"date":"2024-12-31T11:13:24","date_gmt":"2024-12-31T08:13:24","guid":{"rendered":"https:\/\/sana.sy\/tr\/?p=313198"},"modified":"2024-12-31T11:14:51","modified_gmt":"2024-12-31T08:14:51","slug":"halepte-yuzlerce-cesedin-bulundugu-toplu-mezar-ortaya-cikti","status":"publish","type":"post","link":"https:\/\/archive.sana.sy\/tr\/?p=313198","title":{"rendered":"Halep&#8217;te Y\u00fczlerce Cesedin Bulundu\u011fu Toplu Mezar Ortaya \u00c7\u0131kt\u0131"},"content":{"rendered":"<p style=\"text-align: justify;\"><span style=\"color: #800000;\"><strong>HALEP <\/strong><\/span><strong><span style=\"color: #800000;\">(SANA)<\/span> &#8211;<\/strong> \u00a0Halep kentinde bir vatanda\u015f\u0131n ihbar\u0131na g\u00f6re bug\u00fcn i\u00e7inde y\u00fczlerce cesedin bulundu\u011fu toplu mezar ortaya \u00e7\u0131kt\u0131.<\/p>\n<p style=\"text-align: justify;\">\u0130\u00e7i\u015fleri Bakanl\u0131\u011f\u0131&#8217;n\u0131n Telegram kanal\u0131nda yay\u0131nlad\u0131\u011f\u0131 habere g\u00f6re, Halep Valili\u011fi Polis Komutan\u0131 Tu\u011fgeneral Ahmed Lattuf durumu incelemek \u00fczere olay yerine gitti ve sivil savunma ekiplerine olay yerine gitmeleri konusunda bilgi verildi.<\/p>\n<p style=\"text-align: justify;\">Bakanl\u0131\u011fa g\u00f6re daha sonra cesetlerin kimliklerinin DNA testiyle belirlenmesine \u00e7al\u0131\u015f\u0131lacak.<\/p>\n<div id='gallery-1' class='gallery galleryid-313198 gallery-columns-2 gallery-size-medium'><figure class='gallery-item'>\n\t\t\t<div class='gallery-icon landscape'>\n\t\t\t\t<a href='https:\/\/archive.sana.sy\/tr\/?attachment_id=313199'><img loading=\"lazy\" decoding=\"async\" width=\"300\" height=\"200\" src=\"https:\/\/archive.sana.sy\/tr\/wp-content\/uploads\/2024\/12\/2-45-300x200.jpg\" class=\"attachment-medium size-medium\" alt=\"\" srcset=\"https:\/\/archive.sana.sy\/tr\/wp-content\/uploads\/2024\/12\/2-45-300x200.jpg 300w, https:\/\/archive.sana.sy\/tr\/wp-content\/uploads\/2024\/12\/2-45.jpg 660w\" sizes=\"auto, (max-width: 300px) 100vw, 300px\" \/><\/a>\n\t\t\t<\/div><\/figure><figure class='gallery-item'>\n\t\t\t<div class='gallery-icon landscape'>\n\t\t\t\t<a href='https:\/\/archive.sana.sy\/tr\/?attachment_id=313200'><img loading=\"lazy\" decoding=\"async\" width=\"300\" height=\"200\" src=\"https:\/\/archive.sana.sy\/tr\/wp-content\/uploads\/2024\/12\/3-43-300x200.jpg\" class=\"attachment-medium size-medium\" alt=\"\" srcset=\"https:\/\/archive.sana.sy\/tr\/wp-content\/uploads\/2024\/12\/3-43-300x200.jpg 300w, https:\/\/archive.sana.sy\/tr\/wp-content\/uploads\/2024\/12\/3-43.jpg 660w\" sizes=\"auto, (max-width: 300px) 100vw, 300px\" \/><\/a>\n\t\t\t<\/div><\/figure>\n\t\t<\/div>\n\n","protected":false},"excerpt":{"rendered":"<p>HALEP (SANA) &#8211; \u00a0Halep kentinde bir vatanda\u015f\u0131n ihbar\u0131na g\u00f6re bug\u00fcn i\u00e7inde y\u00fczlerce cesedin bulundu\u011fu toplu mezar ortaya \u00e7\u0131kt\u0131. \u0130\u00e7i\u015fleri Bakanl\u0131\u011f\u0131&#8217;n\u0131n Telegram kanal\u0131nda yay\u0131nlad\u0131\u011f\u0131 habere g\u00f6re, Halep Valili\u011fi Polis Komutan\u0131 Tu\u011fgeneral Ahmed Lattuf durumu incelemek \u00fczere olay yerine gitti ve sivil savunma ekiplerine olay yerine gitmeleri konusunda bilgi verildi. Bakanl\u0131\u011fa g\u00f6re daha sonra cesetlerin kimliklerinin DNA &hellip;<\/p>\n","protected":false},"author":41,"featured_media":313202,"comment_status":"closed","ping_status":"closed","sticky":false,"template":"","format":"standard","meta":{"footnotes":""},"categories":[589,479,575,17988,478],"tags":[],"class_list":["post-313198","post","type-post","status-publish","format-standard","has-post-thumbnail","","category-haber-seridi","category-haberler-yerel","category-olaylar-ve-gercekler","category-son-haberler","category-yerel"],"_links":{"self":[{"href":"https:\/\/archive.sana.sy\/tr\/index.php?rest_route=\/wp\/v2\/posts\/313198","targetHints":{"allow":["GET"]}}],"collection":[{"href":"https:\/\/archive.sana.sy\/tr\/index.php?rest_route=\/wp\/v2\/posts"}],"about":[{"href":"https:\/\/archive.sana.sy\/tr\/index.php?rest_route=\/wp\/v2\/types\/post"}],"author":[{"embeddable":true,"href":"https:\/\/archive.sana.sy\/tr\/index.php?rest_route=\/wp\/v2\/users\/41"}],"replies":[{"embeddable":true,"href":"https:\/\/archive.sana.sy\/tr\/index.php?rest_route=%2Fwp%2Fv2%2Fcomments&post=313198"}],"version-history":[{"count":1,"href":"https:\/\/archive.sana.sy\/tr\/index.php?rest_route=\/wp\/v2\/posts\/313198\/revisions"}],"predecessor-version":[{"id":313201,"href":"https:\/\/archive.sana.sy\/tr\/index.php?rest_route=\/wp\/v2\/posts\/313198\/revisions\/313201"}],"wp:featuredmedia":[{"embeddable":true,"href":"https:\/\/archive.sana.sy\/tr\/index.php?rest_route=\/wp\/v2\/media\/313202"}],"wp:attachment":[{"href":"https:\/\/archive.sana.sy\/tr\/index.php?rest_route=%2Fwp%2Fv2%2Fmedia&parent=313198"}],"wp:term":[{"taxonomy":"category","embeddable":true,"href":"https:\/\/archive.sana.sy\/tr\/index.php?rest_route=%2Fwp%2Fv2%2Fcategories&post=313198"},{"taxonomy":"post_tag","embeddable":true,"href":"https:\/\/archive.sana.sy\/tr\/index.php?rest_route=%2Fwp%2Fv2%2Ftags&post=313198"}],"curies":[{"name":"wp","href":"https:\/\/api.w.org\/{rel}","templated":true}]}}