{"id":313294,"date":"2025-01-03T09:00:58","date_gmt":"2025-01-03T06:00:58","guid":{"rendered":"https:\/\/sana.sy\/tr\/?p=313294"},"modified":"2025-01-04T10:30:39","modified_gmt":"2025-01-04T07:30:39","slug":"bakan-el-seybani-riyadda-suudi-arabistanli-mevkidasi-ile-gorustu","status":"publish","type":"post","link":"https:\/\/archive.sana.sy\/tr\/?p=313294","title":{"rendered":"Bakan El \u015eeybani Riyad&#8217;da Suudi Arabistanl\u0131 Mevkida\u015f\u0131 \u0130le G\u00f6r\u00fc\u015ft\u00fc"},"content":{"rendered":"<p style=\"text-align: justify;\"><strong>R\u0130YAD (SANA)<\/strong> &#8211;\u00a0 D\u0131\u015fi\u015fleri ve Gurbet\u00e7iler Bakan\u0131 Say\u0131n Asaad El \u015eeybani, Suudi Arabistan Krall\u0131\u011f\u0131 D\u0131\u015fi\u015fleri Bakan\u0131 Prens Faysal bin Ferhan ile ba\u015fkent Riyad&#8217;da bir araya geldi.<\/p>\n<p style=\"text-align: justify;\">Bakan El \u015eeybani, Suriye Arap Cumhuriyeti&#8217;nin Suudi Arabistan ba\u015fkentindeki B\u00fcy\u00fckel\u00e7ili\u011fini ziyaret etti.<\/p>\n<p>&nbsp;<\/p>\n","protected":false},"excerpt":{"rendered":"<p>R\u0130YAD (SANA) &#8211;\u00a0 D\u0131\u015fi\u015fleri ve Gurbet\u00e7iler Bakan\u0131 Say\u0131n Asaad El \u015eeybani, Suudi Arabistan Krall\u0131\u011f\u0131 D\u0131\u015fi\u015fleri Bakan\u0131 Prens Faysal bin Ferhan ile ba\u015fkent Riyad&#8217;da bir araya geldi. Bakan El \u015eeybani, Suriye Arap Cumhuriyeti&#8217;nin Suudi Arabistan ba\u015fkentindeki B\u00fcy\u00fckel\u00e7ili\u011fini ziyaret etti. &nbsp;<\/p>\n","protected":false},"author":44,"featured_media":313295,"comment_status":"closed","ping_status":"closed","sticky":false,"template":"","format":"standard","meta":{"footnotes":""},"categories":[458,589,459,17988],"tags":[43120],"class_list":["post-313294","post","type-post","status-publish","format-standard","has-post-thumbnail","","category-dunya1","category-haber-seridi","category-haberler-arap-uluslararasi-politika","category-son-haberler","tag-bakan-el-seybani-riyadda-suudi-arabistanli-mevkidasi-ile-gorustu"],"_links":{"self":[{"href":"https:\/\/archive.sana.sy\/tr\/index.php?rest_route=\/wp\/v2\/posts\/313294","targetHints":{"allow":["GET"]}}],"collection":[{"href":"https:\/\/archive.sana.sy\/tr\/index.php?rest_route=\/wp\/v2\/posts"}],"about":[{"href":"https:\/\/archive.sana.sy\/tr\/index.php?rest_route=\/wp\/v2\/types\/post"}],"author":[{"embeddable":true,"href":"https:\/\/archive.sana.sy\/tr\/index.php?rest_route=\/wp\/v2\/users\/44"}],"replies":[{"embeddable":true,"href":"https:\/\/archive.sana.sy\/tr\/index.php?rest_route=%2Fwp%2Fv2%2Fcomments&post=313294"}],"version-history":[{"count":1,"href":"https:\/\/archive.sana.sy\/tr\/index.php?rest_route=\/wp\/v2\/posts\/313294\/revisions"}],"predecessor-version":[{"id":313296,"href":"https:\/\/archive.sana.sy\/tr\/index.php?rest_route=\/wp\/v2\/posts\/313294\/revisions\/313296"}],"wp:featuredmedia":[{"embeddable":true,"href":"https:\/\/archive.sana.sy\/tr\/index.php?rest_route=\/wp\/v2\/media\/313295"}],"wp:attachment":[{"href":"https:\/\/archive.sana.sy\/tr\/index.php?rest_route=%2Fwp%2Fv2%2Fmedia&parent=313294"}],"wp:term":[{"taxonomy":"category","embeddable":true,"href":"https:\/\/archive.sana.sy\/tr\/index.php?rest_route=%2Fwp%2Fv2%2Fcategories&post=313294"},{"taxonomy":"post_tag","embeddable":true,"href":"https:\/\/archive.sana.sy\/tr\/index.php?rest_route=%2Fwp%2Fv2%2Ftags&post=313294"}],"curies":[{"name":"wp","href":"https:\/\/api.w.org\/{rel}","templated":true}]}}