{"id":313298,"date":"2025-01-03T10:29:34","date_gmt":"2025-01-03T07:29:34","guid":{"rendered":"https:\/\/sana.sy\/tr\/?p=313298"},"modified":"2025-01-03T10:29:34","modified_gmt":"2025-01-03T07:29:34","slug":"savunma-bakani-suudi-arabistan-kralligi-genelkurmay-baskani-ile-gorustu","status":"publish","type":"post","link":"https:\/\/archive.sana.sy\/tr\/?p=313298","title":{"rendered":"Savunma Bakan\u0131, Suudi Arabistan Krall\u0131\u011f\u0131 Genelkurmay Ba\u015fkan\u0131 \u0130le G\u00f6r\u00fc\u015ft\u00fc"},"content":{"rendered":"<p style=\"text-align: justify;\"><strong><span style=\"color: #800000;\">R\u0130YAD (SANA)<\/span> &#8211;<\/strong> Savunma Bakan\u0131 Murhaf Ebu Kasra, Suriye resmi heyetinin Riyad ziyareti kapsam\u0131nda Suudi Arabistan Krall\u0131\u011f\u0131&#8217;nda Genelkurmay Ba\u015fkan\u0131 Korgeneral Fayyad El-Ruveyli ile bir araya geldi<\/p>\n","protected":false},"excerpt":{"rendered":"<p>R\u0130YAD (SANA) &#8211; Savunma Bakan\u0131 Murhaf Ebu Kasra, Suriye resmi heyetinin Riyad ziyareti kapsam\u0131nda Suudi Arabistan Krall\u0131\u011f\u0131&#8217;nda Genelkurmay Ba\u015fkan\u0131 Korgeneral Fayyad El-Ruveyli ile bir araya geldi<\/p>\n","protected":false},"author":44,"featured_media":313299,"comment_status":"closed","ping_status":"closed","sticky":false,"template":"","format":"standard","meta":{"footnotes":""},"categories":[458,589,459,17988],"tags":[19076,43121],"class_list":["post-313298","post","type-post","status-publish","format-standard","has-post-thumbnail","","category-dunya1","category-haber-seridi","category-haberler-arap-uluslararasi-politika","category-son-haberler","tag-savunma-bakani","tag-suudi-arabistan-kralligi-genelkurmay-baskani-ile-gorustu"],"_links":{"self":[{"href":"https:\/\/archive.sana.sy\/tr\/index.php?rest_route=\/wp\/v2\/posts\/313298","targetHints":{"allow":["GET"]}}],"collection":[{"href":"https:\/\/archive.sana.sy\/tr\/index.php?rest_route=\/wp\/v2\/posts"}],"about":[{"href":"https:\/\/archive.sana.sy\/tr\/index.php?rest_route=\/wp\/v2\/types\/post"}],"author":[{"embeddable":true,"href":"https:\/\/archive.sana.sy\/tr\/index.php?rest_route=\/wp\/v2\/users\/44"}],"replies":[{"embeddable":true,"href":"https:\/\/archive.sana.sy\/tr\/index.php?rest_route=%2Fwp%2Fv2%2Fcomments&post=313298"}],"version-history":[{"count":1,"href":"https:\/\/archive.sana.sy\/tr\/index.php?rest_route=\/wp\/v2\/posts\/313298\/revisions"}],"predecessor-version":[{"id":313300,"href":"https:\/\/archive.sana.sy\/tr\/index.php?rest_route=\/wp\/v2\/posts\/313298\/revisions\/313300"}],"wp:featuredmedia":[{"embeddable":true,"href":"https:\/\/archive.sana.sy\/tr\/index.php?rest_route=\/wp\/v2\/media\/313299"}],"wp:attachment":[{"href":"https:\/\/archive.sana.sy\/tr\/index.php?rest_route=%2Fwp%2Fv2%2Fmedia&parent=313298"}],"wp:term":[{"taxonomy":"category","embeddable":true,"href":"https:\/\/archive.sana.sy\/tr\/index.php?rest_route=%2Fwp%2Fv2%2Fcategories&post=313298"},{"taxonomy":"post_tag","embeddable":true,"href":"https:\/\/archive.sana.sy\/tr\/index.php?rest_route=%2Fwp%2Fv2%2Ftags&post=313298"}],"curies":[{"name":"wp","href":"https:\/\/api.w.org\/{rel}","templated":true}]}}