{"id":3133,"date":"2014-06-15T14:31:46","date_gmt":"2014-06-15T11:31:46","guid":{"rendered":"http:\/\/sanasyria.org\/tr\/?p=3133"},"modified":"2014-06-19T13:03:53","modified_gmt":"2014-06-19T10:03:53","slug":"cocuk-felcine-karsi-asi-kampanyalari-devam-ediyor","status":"publish","type":"post","link":"https:\/\/archive.sana.sy\/tr\/?p=3133","title":{"rendered":"\u00c7ocuk Felcine Kar\u015f\u0131 A\u015f\u0131 Kampanyalar\u0131 Devam Ediyor"},"content":{"rendered":"<p><span style=\"color: #800000\">\u015eAM \u2013<\/span> \u00c7ocuk felcine kar\u015f\u0131 ulusal a\u015f\u0131 kampanyas\u0131 bug\u00fcn \u00fclkede bulunan b\u00fct\u00fcn sa\u011fl\u0131k merkezlerinde faaliyetlerine ba\u015flad\u0131.<\/p>\n<p>Bilinece\u011fi \u00fczere Sa\u011fl\u0131k bakanl\u0131\u011f\u0131, ge\u00e7ti\u011fimiz y\u0131l Ekim ay\u0131ndan ge\u00e7ti\u011fimiz May\u0131s ay\u0131na kadar, D\u00fcnya Sa\u011fl\u0131k \u00d6rg\u00fct\u00fc ile i\u015fbirli\u011fi i\u00e7erisinde \u00e7ocuk felcine kar\u015f\u0131 a\u015f\u0131 7 kere a\u015f\u0131 kampanyas\u0131 d\u00fczenlemi\u015fti.<\/p>\n<p>Yap\u0131lan a\u00e7\u0131klamada Haziran ay\u0131 boyunca \u00e7ocuk felcine kar\u015f\u0131 4 kampanya d\u00fczenlenece\u011fi ifade edildi.<\/p>\n","protected":false},"excerpt":{"rendered":"<p>\u015eAM \u2013 \u00c7ocuk felcine kar\u015f\u0131 ulusal a\u015f\u0131 kampanyas\u0131 bug\u00fcn \u00fclkede bulunan b\u00fct\u00fcn sa\u011fl\u0131k merkezlerinde faaliyetlerine ba\u015flad\u0131. Bilinece\u011fi \u00fczere Sa\u011fl\u0131k bakanl\u0131\u011f\u0131, ge\u00e7ti\u011fimiz y\u0131l Ekim ay\u0131ndan ge\u00e7ti\u011fimiz May\u0131s ay\u0131na kadar, D\u00fcnya Sa\u011fl\u0131k \u00d6rg\u00fct\u00fc ile i\u015fbirli\u011fi i\u00e7erisinde \u00e7ocuk felcine kar\u015f\u0131 a\u015f\u0131 7 kere a\u015f\u0131 kampanyas\u0131 d\u00fczenlemi\u015fti. Yap\u0131lan a\u00e7\u0131klamada Haziran ay\u0131 boyunca \u00e7ocuk felcine kar\u015f\u0131 4 kampanya d\u00fczenlenece\u011fi ifade &hellip;<\/p>\n","protected":false},"author":1,"featured_media":3134,"comment_status":"closed","ping_status":"closed","sticky":false,"template":"","format":"standard","meta":{"footnotes":""},"categories":[1],"tags":[695],"class_list":["post-3133","post","type-post","status-publish","format-standard","has-post-thumbnail","","category-news-not-sorted","tag-cocuk-felcine-karsi-asi-kampanyalari-devam-ediyor"],"_links":{"self":[{"href":"https:\/\/archive.sana.sy\/tr\/index.php?rest_route=\/wp\/v2\/posts\/3133","targetHints":{"allow":["GET"]}}],"collection":[{"href":"https:\/\/archive.sana.sy\/tr\/index.php?rest_route=\/wp\/v2\/posts"}],"about":[{"href":"https:\/\/archive.sana.sy\/tr\/index.php?rest_route=\/wp\/v2\/types\/post"}],"author":[{"embeddable":true,"href":"https:\/\/archive.sana.sy\/tr\/index.php?rest_route=\/wp\/v2\/users\/1"}],"replies":[{"embeddable":true,"href":"https:\/\/archive.sana.sy\/tr\/index.php?rest_route=%2Fwp%2Fv2%2Fcomments&post=3133"}],"version-history":[{"count":0,"href":"https:\/\/archive.sana.sy\/tr\/index.php?rest_route=\/wp\/v2\/posts\/3133\/revisions"}],"wp:featuredmedia":[{"embeddable":true,"href":"https:\/\/archive.sana.sy\/tr\/index.php?rest_route=\/wp\/v2\/media\/3134"}],"wp:attachment":[{"href":"https:\/\/archive.sana.sy\/tr\/index.php?rest_route=%2Fwp%2Fv2%2Fmedia&parent=3133"}],"wp:term":[{"taxonomy":"category","embeddable":true,"href":"https:\/\/archive.sana.sy\/tr\/index.php?rest_route=%2Fwp%2Fv2%2Fcategories&post=3133"},{"taxonomy":"post_tag","embeddable":true,"href":"https:\/\/archive.sana.sy\/tr\/index.php?rest_route=%2Fwp%2Fv2%2Ftags&post=3133"}],"curies":[{"name":"wp","href":"https:\/\/api.w.org\/{rel}","templated":true}]}}