{"id":313310,"date":"2025-01-03T08:30:23","date_gmt":"2025-01-03T05:30:23","guid":{"rendered":"https:\/\/sana.sy\/tr\/?p=313310"},"modified":"2025-01-03T13:22:00","modified_gmt":"2025-01-03T10:22:00","slug":"katar-havayollari-bu-ayin-7sinden-itibaren-suriyeye-ucuslarini-yeniden-baslatiyor","status":"publish","type":"post","link":"https:\/\/archive.sana.sy\/tr\/?p=313310","title":{"rendered":"Katar Havayollar\u0131, Bu Ay\u0131n 7&#8217;sinden \u0130tibaren Suriye&#8217;ye U\u00e7u\u015flar\u0131n\u0131 Yeniden Ba\u015flat\u0131yor"},"content":{"rendered":"<p style=\"text-align: justify;\"><span style=\"color: #800000;\"><strong>DOHA (SANA)<\/strong> &#8211;<\/span> Katar Havayollar\u0131, bu ay\u0131n 7&#8217;sinde Doha&#8217;dan \u015eam&#8217;a ilk ticari u\u00e7u\u015flar\u0131n\u0131 ba\u015flataca\u011f\u0131n\u0131 duyurdu.<\/p>\n<p style=\"text-align: justify;\">Katar Havayollar\u0131, internet sitesinden yapt\u0131\u011f\u0131 a\u00e7\u0131klamada \u015fu ifadelere yer verdi: \u201cKatar Havayollar\u0131, Suriye&#8217;ye u\u00e7u\u015flar\u0131n\u0131n yeniden ba\u015flad\u0131\u011f\u0131n\u0131 duyurmaktan mutluluk duyuyor. Bu, b\u00f6lgenin yeniden birbirine ba\u011flanmas\u0131nda bir d\u00f6n\u00fcm noktas\u0131n\u0131 temsil ediyor. Bu ay\u0131n 7&#8217;sinden itibaren Katarl\u0131 havayolu \u015eam&#8217;a haftada \u00fc\u00e7 u\u00e7u\u015f ger\u00e7ekle\u015ftirecek.&#8221;<\/p>\n<p style=\"text-align: justify;\">A\u00e7\u0131klamada ayr\u0131ca, u\u00e7u\u015flar\u0131n yeniden ba\u015flat\u0131lmas\u0131 karar\u0131n\u0131n Katarl\u0131 havayolunun b\u00f6lgesel ba\u011flant\u0131y\u0131 art\u0131rma ve yolcular\u0131n artan talebini kar\u015f\u0131lama konusundaki kararl\u0131l\u0131\u011f\u0131n\u0131 teyit etti\u011fi belirtildi.<\/p>\n","protected":false},"excerpt":{"rendered":"<p>DOHA (SANA) &#8211; Katar Havayollar\u0131, bu ay\u0131n 7&#8217;sinde Doha&#8217;dan \u015eam&#8217;a ilk ticari u\u00e7u\u015flar\u0131n\u0131 ba\u015flataca\u011f\u0131n\u0131 duyurdu. Katar Havayollar\u0131, internet sitesinden yapt\u0131\u011f\u0131 a\u00e7\u0131klamada \u015fu ifadelere yer verdi: \u201cKatar Havayollar\u0131, Suriye&#8217;ye u\u00e7u\u015flar\u0131n\u0131n yeniden ba\u015flad\u0131\u011f\u0131n\u0131 duyurmaktan mutluluk duyuyor. Bu, b\u00f6lgenin yeniden birbirine ba\u011flanmas\u0131nda bir d\u00f6n\u00fcm noktas\u0131n\u0131 temsil ediyor. Bu ay\u0131n 7&#8217;sinden itibaren Katarl\u0131 havayolu \u015eam&#8217;a haftada \u00fc\u00e7 u\u00e7u\u015f ger\u00e7ekle\u015ftirecek.&#8221; &hellip;<\/p>\n","protected":false},"author":44,"featured_media":313311,"comment_status":"closed","ping_status":"closed","sticky":false,"template":"","format":"standard","meta":{"footnotes":""},"categories":[458,589,459,17988],"tags":[43124,43123],"class_list":["post-313310","post","type-post","status-publish","format-standard","has-post-thumbnail","","category-dunya1","category-haber-seridi","category-haberler-arap-uluslararasi-politika","category-son-haberler","tag-bu-ayin-7sinden-itibaren-suriyeye-ucuslarini-yeniden-baslatiyor","tag-katar-havayollari"],"_links":{"self":[{"href":"https:\/\/archive.sana.sy\/tr\/index.php?rest_route=\/wp\/v2\/posts\/313310","targetHints":{"allow":["GET"]}}],"collection":[{"href":"https:\/\/archive.sana.sy\/tr\/index.php?rest_route=\/wp\/v2\/posts"}],"about":[{"href":"https:\/\/archive.sana.sy\/tr\/index.php?rest_route=\/wp\/v2\/types\/post"}],"author":[{"embeddable":true,"href":"https:\/\/archive.sana.sy\/tr\/index.php?rest_route=\/wp\/v2\/users\/44"}],"replies":[{"embeddable":true,"href":"https:\/\/archive.sana.sy\/tr\/index.php?rest_route=%2Fwp%2Fv2%2Fcomments&post=313310"}],"version-history":[{"count":2,"href":"https:\/\/archive.sana.sy\/tr\/index.php?rest_route=\/wp\/v2\/posts\/313310\/revisions"}],"predecessor-version":[{"id":313315,"href":"https:\/\/archive.sana.sy\/tr\/index.php?rest_route=\/wp\/v2\/posts\/313310\/revisions\/313315"}],"wp:featuredmedia":[{"embeddable":true,"href":"https:\/\/archive.sana.sy\/tr\/index.php?rest_route=\/wp\/v2\/media\/313311"}],"wp:attachment":[{"href":"https:\/\/archive.sana.sy\/tr\/index.php?rest_route=%2Fwp%2Fv2%2Fmedia&parent=313310"}],"wp:term":[{"taxonomy":"category","embeddable":true,"href":"https:\/\/archive.sana.sy\/tr\/index.php?rest_route=%2Fwp%2Fv2%2Fcategories&post=313310"},{"taxonomy":"post_tag","embeddable":true,"href":"https:\/\/archive.sana.sy\/tr\/index.php?rest_route=%2Fwp%2Fv2%2Ftags&post=313310"}],"curies":[{"name":"wp","href":"https:\/\/api.w.org\/{rel}","templated":true}]}}