{"id":313316,"date":"2025-01-03T08:00:57","date_gmt":"2025-01-03T05:00:57","guid":{"rendered":"https:\/\/sana.sy\/tr\/?p=313316"},"modified":"2025-01-03T13:58:57","modified_gmt":"2025-01-03T10:58:57","slug":"disisleri-bakani-suriye-arap-cumhuriyetinin-suudi-arabistan-baskenti-riyaddaki-buyukelciligini-ziyaret-etti","status":"publish","type":"post","link":"https:\/\/archive.sana.sy\/tr\/?p=313316","title":{"rendered":"D\u0131\u015fi\u015fleri Bakan\u0131, Suriye Arap Cumhuriyeti&#8217;nin Suudi Arabistan Ba\u015fkenti Riyad&#8217;daki B\u00fcy\u00fckel\u00e7ili\u011fini Ziyaret Etti"},"content":{"rendered":"<p style=\"text-align: justify;\"><strong>R\u0130YAD (SANA) &#8211;<\/strong>D\u0131\u015fi\u015fleri ve Gurbet\u00e7iler Bakan\u0131 Asaad El \u015eeybani, Suriye Arap Cumhuriyeti&#8217;nin Suudi ba\u015fkenti Riyad&#8217;daki B\u00fcy\u00fckel\u00e7ili\u011fini ziyaret etti.<\/p>\n","protected":false},"excerpt":{"rendered":"<p>R\u0130YAD (SANA) &#8211;D\u0131\u015fi\u015fleri ve Gurbet\u00e7iler Bakan\u0131 Asaad El \u015eeybani, Suriye Arap Cumhuriyeti&#8217;nin Suudi ba\u015fkenti Riyad&#8217;daki B\u00fcy\u00fckel\u00e7ili\u011fini ziyaret etti.<\/p>\n","protected":false},"author":44,"featured_media":313317,"comment_status":"closed","ping_status":"closed","sticky":false,"template":"","format":"standard","meta":{"footnotes":""},"categories":[458,589,459,17988],"tags":[19199,43125],"class_list":["post-313316","post","type-post","status-publish","format-standard","has-post-thumbnail","","category-dunya1","category-haber-seridi","category-haberler-arap-uluslararasi-politika","category-son-haberler","tag-disisleri-bakani","tag-suriye-arap-cumhuriyetinin-suudi-arabistan-baskenti-riyaddaki-buyukelciligini-ziyaret-etti"],"_links":{"self":[{"href":"https:\/\/archive.sana.sy\/tr\/index.php?rest_route=\/wp\/v2\/posts\/313316","targetHints":{"allow":["GET"]}}],"collection":[{"href":"https:\/\/archive.sana.sy\/tr\/index.php?rest_route=\/wp\/v2\/posts"}],"about":[{"href":"https:\/\/archive.sana.sy\/tr\/index.php?rest_route=\/wp\/v2\/types\/post"}],"author":[{"embeddable":true,"href":"https:\/\/archive.sana.sy\/tr\/index.php?rest_route=\/wp\/v2\/users\/44"}],"replies":[{"embeddable":true,"href":"https:\/\/archive.sana.sy\/tr\/index.php?rest_route=%2Fwp%2Fv2%2Fcomments&post=313316"}],"version-history":[{"count":1,"href":"https:\/\/archive.sana.sy\/tr\/index.php?rest_route=\/wp\/v2\/posts\/313316\/revisions"}],"predecessor-version":[{"id":313318,"href":"https:\/\/archive.sana.sy\/tr\/index.php?rest_route=\/wp\/v2\/posts\/313316\/revisions\/313318"}],"wp:featuredmedia":[{"embeddable":true,"href":"https:\/\/archive.sana.sy\/tr\/index.php?rest_route=\/wp\/v2\/media\/313317"}],"wp:attachment":[{"href":"https:\/\/archive.sana.sy\/tr\/index.php?rest_route=%2Fwp%2Fv2%2Fmedia&parent=313316"}],"wp:term":[{"taxonomy":"category","embeddable":true,"href":"https:\/\/archive.sana.sy\/tr\/index.php?rest_route=%2Fwp%2Fv2%2Fcategories&post=313316"},{"taxonomy":"post_tag","embeddable":true,"href":"https:\/\/archive.sana.sy\/tr\/index.php?rest_route=%2Fwp%2Fv2%2Ftags&post=313316"}],"curies":[{"name":"wp","href":"https:\/\/api.w.org\/{rel}","templated":true}]}}