{"id":313320,"date":"2025-01-04T06:00:15","date_gmt":"2025-01-04T03:00:15","guid":{"rendered":"https:\/\/sana.sy\/tr\/?p=313320"},"modified":"2025-01-05T12:55:38","modified_gmt":"2025-01-05T09:55:38","slug":"lider-el-sara-fransa-disisleri-bakani-almanya-disisleri-bakani-ve-avrupa-birligi-misyonu-maslahatguzari-ile-gorustu","status":"publish","type":"post","link":"https:\/\/archive.sana.sy\/tr\/?p=313320","title":{"rendered":"Lider El \u015eara, Fransa D\u0131\u015fi\u015fleri Bakan\u0131, Almanya D\u0131\u015fi\u015fleri Bakan\u0131 Ve Avrupa Birli\u011fi Misyonu Maslahatg\u00fczar\u0131 \u0130le G\u00f6r\u00fc\u015ft\u00fc"},"content":{"rendered":"<p style=\"text-align: justify;\"><span style=\"color: #800000;\"><strong>\u015eAM (SANA)<\/strong> <\/span>&#8211; Yeni Suriye y\u00f6netiminin lideri ve D\u0131\u015fi\u015fleri Bakan\u0131, ba\u015fkent \u015eam&#8217;da Fransa D\u0131\u015fi\u015fleri Bakan\u0131 Jean-Noel Barrot, Almanya D\u0131\u015fi\u015fleri Bakan\u0131 Annalena Baerbock ve Avrupa Birli\u011fi Misyonu Maslahatg\u00fczar\u0131 Michael Unmacht ile bir araya geldi<\/p>\n<div id='gallery-1' class='gallery galleryid-313320 gallery-columns-1 gallery-size-large'><figure class='gallery-item'>\n\t\t\t<div class='gallery-icon landscape'>\n\t\t\t\t<a href='https:\/\/archive.sana.sy\/tr\/?attachment_id=313322'><img loading=\"lazy\" decoding=\"async\" width=\"618\" height=\"347\" src=\"https:\/\/archive.sana.sy\/tr\/wp-content\/uploads\/2025\/01\/photo_2025-01-03_17-51-19-1024x575.jpg\" class=\"attachment-large size-large\" alt=\"\" srcset=\"https:\/\/archive.sana.sy\/tr\/wp-content\/uploads\/2025\/01\/photo_2025-01-03_17-51-19-1024x575.jpg 1024w, https:\/\/archive.sana.sy\/tr\/wp-content\/uploads\/2025\/01\/photo_2025-01-03_17-51-19-300x169.jpg 300w, https:\/\/archive.sana.sy\/tr\/wp-content\/uploads\/2025\/01\/photo_2025-01-03_17-51-19-768x431.jpg 768w, https:\/\/archive.sana.sy\/tr\/wp-content\/uploads\/2025\/01\/photo_2025-01-03_17-51-19.jpg 1280w\" sizes=\"auto, (max-width: 618px) 100vw, 618px\" \/><\/a>\n\t\t\t<\/div><\/figure><figure class='gallery-item'>\n\t\t\t<div class='gallery-icon landscape'>\n\t\t\t\t<a href='https:\/\/archive.sana.sy\/tr\/?attachment_id=313323'><img loading=\"lazy\" decoding=\"async\" width=\"618\" height=\"347\" src=\"https:\/\/archive.sana.sy\/tr\/wp-content\/uploads\/2025\/01\/photo_2025-01-03_17-51-20-4-1024x575.jpg\" class=\"attachment-large size-large\" alt=\"\" srcset=\"https:\/\/archive.sana.sy\/tr\/wp-content\/uploads\/2025\/01\/photo_2025-01-03_17-51-20-4-1024x575.jpg 1024w, https:\/\/archive.sana.sy\/tr\/wp-content\/uploads\/2025\/01\/photo_2025-01-03_17-51-20-4-300x169.jpg 300w, https:\/\/archive.sana.sy\/tr\/wp-content\/uploads\/2025\/01\/photo_2025-01-03_17-51-20-4-768x431.jpg 768w, https:\/\/archive.sana.sy\/tr\/wp-content\/uploads\/2025\/01\/photo_2025-01-03_17-51-20-4.jpg 1280w\" sizes=\"auto, (max-width: 618px) 100vw, 618px\" \/><\/a>\n\t\t\t<\/div><\/figure><figure class='gallery-item'>\n\t\t\t<div class='gallery-icon landscape'>\n\t\t\t\t<a href='https:\/\/archive.sana.sy\/tr\/?attachment_id=313324'><img loading=\"lazy\" decoding=\"async\" width=\"618\" height=\"347\" src=\"https:\/\/archive.sana.sy\/tr\/wp-content\/uploads\/2025\/01\/photo_2025-01-03_17-51-20-2-1024x575.jpg\" class=\"attachment-large size-large\" alt=\"\" srcset=\"https:\/\/archive.sana.sy\/tr\/wp-content\/uploads\/2025\/01\/photo_2025-01-03_17-51-20-2-1024x575.jpg 1024w, https:\/\/archive.sana.sy\/tr\/wp-content\/uploads\/2025\/01\/photo_2025-01-03_17-51-20-2-300x169.jpg 300w, https:\/\/archive.sana.sy\/tr\/wp-content\/uploads\/2025\/01\/photo_2025-01-03_17-51-20-2-768x431.jpg 768w, https:\/\/archive.sana.sy\/tr\/wp-content\/uploads\/2025\/01\/photo_2025-01-03_17-51-20-2.jpg 1280w\" sizes=\"auto, (max-width: 618px) 100vw, 618px\" \/><\/a>\n\t\t\t<\/div><\/figure><figure class='gallery-item'>\n\t\t\t<div class='gallery-icon landscape'>\n\t\t\t\t<a href='https:\/\/archive.sana.sy\/tr\/?attachment_id=313325'><img loading=\"lazy\" decoding=\"async\" width=\"618\" height=\"347\" src=\"https:\/\/archive.sana.sy\/tr\/wp-content\/uploads\/2025\/01\/photo_2025-01-03_17-51-20-1024x575.jpg\" class=\"attachment-large size-large\" alt=\"\" srcset=\"https:\/\/archive.sana.sy\/tr\/wp-content\/uploads\/2025\/01\/photo_2025-01-03_17-51-20-1024x575.jpg 1024w, https:\/\/archive.sana.sy\/tr\/wp-content\/uploads\/2025\/01\/photo_2025-01-03_17-51-20-300x169.jpg 300w, https:\/\/archive.sana.sy\/tr\/wp-content\/uploads\/2025\/01\/photo_2025-01-03_17-51-20-768x431.jpg 768w, https:\/\/archive.sana.sy\/tr\/wp-content\/uploads\/2025\/01\/photo_2025-01-03_17-51-20.jpg 1280w\" sizes=\"auto, (max-width: 618px) 100vw, 618px\" \/><\/a>\n\t\t\t<\/div><\/figure>\n\t\t<\/div>\n\n","protected":false},"excerpt":{"rendered":"<p>\u015eAM (SANA) &#8211; Yeni Suriye y\u00f6netiminin lideri ve D\u0131\u015fi\u015fleri Bakan\u0131, ba\u015fkent \u015eam&#8217;da Fransa D\u0131\u015fi\u015fleri Bakan\u0131 Jean-Noel Barrot, Almanya D\u0131\u015fi\u015fleri Bakan\u0131 Annalena Baerbock ve Avrupa Birli\u011fi Misyonu Maslahatg\u00fczar\u0131 Michael Unmacht ile bir araya geldi<\/p>\n","protected":false},"author":44,"featured_media":313321,"comment_status":"closed","ping_status":"closed","sticky":false,"template":"","format":"standard","meta":{"footnotes":""},"categories":[479,17988,478],"tags":[43126,35257,43074],"class_list":["post-313320","post","type-post","status-publish","format-standard","has-post-thumbnail","","category-haberler-yerel","category-son-haberler","category-yerel","tag-almanya-disisleri-bakani-ve-avrupa-birligi-misyonu-maslahatguzari-ile-gorustu","tag-fransa-disisleri-bakani","tag-lider-el-sara"],"_links":{"self":[{"href":"https:\/\/archive.sana.sy\/tr\/index.php?rest_route=\/wp\/v2\/posts\/313320","targetHints":{"allow":["GET"]}}],"collection":[{"href":"https:\/\/archive.sana.sy\/tr\/index.php?rest_route=\/wp\/v2\/posts"}],"about":[{"href":"https:\/\/archive.sana.sy\/tr\/index.php?rest_route=\/wp\/v2\/types\/post"}],"author":[{"embeddable":true,"href":"https:\/\/archive.sana.sy\/tr\/index.php?rest_route=\/wp\/v2\/users\/44"}],"replies":[{"embeddable":true,"href":"https:\/\/archive.sana.sy\/tr\/index.php?rest_route=%2Fwp%2Fv2%2Fcomments&post=313320"}],"version-history":[{"count":2,"href":"https:\/\/archive.sana.sy\/tr\/index.php?rest_route=\/wp\/v2\/posts\/313320\/revisions"}],"predecessor-version":[{"id":313369,"href":"https:\/\/archive.sana.sy\/tr\/index.php?rest_route=\/wp\/v2\/posts\/313320\/revisions\/313369"}],"wp:featuredmedia":[{"embeddable":true,"href":"https:\/\/archive.sana.sy\/tr\/index.php?rest_route=\/wp\/v2\/media\/313321"}],"wp:attachment":[{"href":"https:\/\/archive.sana.sy\/tr\/index.php?rest_route=%2Fwp%2Fv2%2Fmedia&parent=313320"}],"wp:term":[{"taxonomy":"category","embeddable":true,"href":"https:\/\/archive.sana.sy\/tr\/index.php?rest_route=%2Fwp%2Fv2%2Fcategories&post=313320"},{"taxonomy":"post_tag","embeddable":true,"href":"https:\/\/archive.sana.sy\/tr\/index.php?rest_route=%2Fwp%2Fv2%2Ftags&post=313320"}],"curies":[{"name":"wp","href":"https:\/\/api.w.org\/{rel}","templated":true}]}}