{"id":313360,"date":"2025-01-03T23:50:25","date_gmt":"2025-01-03T20:50:25","guid":{"rendered":"https:\/\/sana.sy\/tr\/?p=313360"},"modified":"2025-01-04T15:04:47","modified_gmt":"2025-01-04T12:04:47","slug":"avrupali-bir-heyet-tutuklular-magdurlarin-aileleri-ve-kayiplarla-dayanismanin-bir-ifadesi-olarak-saydnaya-hapishanesini-gezdi","status":"publish","type":"post","link":"https:\/\/archive.sana.sy\/tr\/?p=313360","title":{"rendered":"Avrupal\u0131 \u200b\u200bBir Heyet, Tutuklular, Ma\u011fdurlar\u0131n Aileleri Ve Kay\u0131plarla Dayan\u0131\u015fman\u0131n Bir \u0130fadesi Olarak Saydnaya Hapishanesini Gezdi"},"content":{"rendered":"<p style=\"text-align: justify;\"><strong>\u015eAM KIRSALI (SANA)<\/strong> &#8211; \u00a0Aralar\u0131nda Almanya D\u0131\u015fi\u015fleri Bakan\u0131 Annalena Baerbock, Fransa D\u0131\u015fi\u015fleri Bakan\u0131 Jean-Noble Barrault ve Avrupa Birli\u011fi Suriye Delegasyonu Maslahatg\u00fczar\u0131 Michael Unmacht&#8217;\u0131n da bulundu\u011fu bir heyet, hapishaneyi g\u00f6rmek ve tutuklular, ma\u011fdurlar\u0131n aileleri ve kay\u0131plarla dayan\u0131\u015fmay\u0131 ifade etmek i\u00e7in Esad rejiminin en b\u00fcy\u00fck insan mezbahalar\u0131ndan biri olan k\u00f6t\u00fc \u015f\u00f6hretli eski Sednaya hapishanesini ziyaret etti.<\/p>\n<p style=\"text-align: justify;\">Ziyaret, Suriye Sivil Savunmas\u0131 ile koordineli olarak ger\u00e7ekle\u015fti; burada iki bakan ve Avrupa Birli\u011fi el\u00e7isi, Saydnaya hapishanesindeki deh\u015fetin kal\u0131nt\u0131lar\u0131yla ilgili g\u00f6rd\u00fckleri kar\u015f\u0131s\u0131nda duyduklar\u0131 \u015foku dile getirerek, ma\u011fdurlar ve aileleri i\u00e7in adaletin sa\u011flanmas\u0131, i\u015fkence su\u00e7lar\u0131n\u0131n faillerinin cezadan ka\u00e7mamas\u0131n\u0131 sa\u011flama konusundaki kararl\u0131l\u0131klar\u0131n\u0131 ve bu dosyan\u0131n kendileri i\u00e7in bir \u00f6ncelik oldu\u011funu vurgulad\u0131lar.<\/p>\n<p style=\"text-align: justify;\">Buna kar\u015f\u0131l\u0131k Suriye Sivil Savunma Ba\u015fkan\u0131 Raid El Salih, Avrupa heyetine, feshedilmi\u015f Esad rejiminin ve Suriyelilere kar\u015f\u0131 i\u015flenen su\u00e7lar\u0131n faillerinin cezadan ka\u00e7mamas\u0131n\u0131 sa\u011flamak i\u00e7in harekete ge\u00e7ilmesi gerekti\u011fini vurgulayarak, Suriye halk\u0131n\u0131n 14 y\u0131ld\u0131r \u00e7\u0131\u011fl\u0131klar att\u0131\u011f\u0131n\u0131 ve Esad rejiminin mezbahalar\u0131ndaki tutuklular\u0131n uluslararas\u0131 toplumun herhangi bir kararl\u0131 eylemi olmadan serbest b\u0131rak\u0131lmas\u0131n\u0131 talep etti\u011fini ancak bug\u00fcn Suriye&#8217;yi yeniden in\u015fa edebilmemiz i\u00e7in ge\u00e7i\u015f d\u00f6nemi adaletinin sa\u011flanmas\u0131 gerekti\u011fini kaydetti.<\/p>\n<div id='gallery-1' class='gallery galleryid-313360 gallery-columns-4 gallery-size-medium'><figure class='gallery-item'>\n\t\t\t<div class='gallery-icon landscape'>\n\t\t\t\t<a href='https:\/\/archive.sana.sy\/tr\/?attachment_id=313362'><img loading=\"lazy\" decoding=\"async\" width=\"300\" height=\"200\" src=\"https:\/\/archive.sana.sy\/tr\/wp-content\/uploads\/2025\/01\/6-7-300x200.jpg\" class=\"attachment-medium size-medium\" alt=\"\" srcset=\"https:\/\/archive.sana.sy\/tr\/wp-content\/uploads\/2025\/01\/6-7-300x200.jpg 300w, https:\/\/archive.sana.sy\/tr\/wp-content\/uploads\/2025\/01\/6-7.jpg 660w\" sizes=\"auto, (max-width: 300px) 100vw, 300px\" \/><\/a>\n\t\t\t<\/div><\/figure><figure class='gallery-item'>\n\t\t\t<div class='gallery-icon landscape'>\n\t\t\t\t<a href='https:\/\/archive.sana.sy\/tr\/?attachment_id=313363'><img loading=\"lazy\" decoding=\"async\" width=\"300\" height=\"200\" src=\"https:\/\/archive.sana.sy\/tr\/wp-content\/uploads\/2025\/01\/5-10-300x200.jpg\" class=\"attachment-medium size-medium\" alt=\"\" srcset=\"https:\/\/archive.sana.sy\/tr\/wp-content\/uploads\/2025\/01\/5-10-300x200.jpg 300w, https:\/\/archive.sana.sy\/tr\/wp-content\/uploads\/2025\/01\/5-10.jpg 660w\" sizes=\"auto, (max-width: 300px) 100vw, 300px\" \/><\/a>\n\t\t\t<\/div><\/figure><figure class='gallery-item'>\n\t\t\t<div class='gallery-icon landscape'>\n\t\t\t\t<a href='https:\/\/archive.sana.sy\/tr\/?attachment_id=313364'><img loading=\"lazy\" decoding=\"async\" width=\"300\" height=\"200\" src=\"https:\/\/archive.sana.sy\/tr\/wp-content\/uploads\/2025\/01\/4-18-300x200.jpg\" class=\"attachment-medium size-medium\" alt=\"\" srcset=\"https:\/\/archive.sana.sy\/tr\/wp-content\/uploads\/2025\/01\/4-18-300x200.jpg 300w, https:\/\/archive.sana.sy\/tr\/wp-content\/uploads\/2025\/01\/4-18.jpg 660w\" sizes=\"auto, (max-width: 300px) 100vw, 300px\" \/><\/a>\n\t\t\t<\/div><\/figure><figure class='gallery-item'>\n\t\t\t<div class='gallery-icon landscape'>\n\t\t\t\t<a href='https:\/\/archive.sana.sy\/tr\/?attachment_id=313365'><img loading=\"lazy\" decoding=\"async\" width=\"300\" height=\"200\" src=\"https:\/\/archive.sana.sy\/tr\/wp-content\/uploads\/2025\/01\/3-17-300x200.jpg\" class=\"attachment-medium size-medium\" alt=\"\" srcset=\"https:\/\/archive.sana.sy\/tr\/wp-content\/uploads\/2025\/01\/3-17-300x200.jpg 300w, https:\/\/archive.sana.sy\/tr\/wp-content\/uploads\/2025\/01\/3-17.jpg 660w\" sizes=\"auto, (max-width: 300px) 100vw, 300px\" \/><\/a>\n\t\t\t<\/div><\/figure>\n\t\t<\/div>\n\n","protected":false},"excerpt":{"rendered":"<p>\u015eAM KIRSALI (SANA) &#8211; \u00a0Aralar\u0131nda Almanya D\u0131\u015fi\u015fleri Bakan\u0131 Annalena Baerbock, Fransa D\u0131\u015fi\u015fleri Bakan\u0131 Jean-Noble Barrault ve Avrupa Birli\u011fi Suriye Delegasyonu Maslahatg\u00fczar\u0131 Michael Unmacht&#8217;\u0131n da bulundu\u011fu bir heyet, hapishaneyi g\u00f6rmek ve tutuklular, ma\u011fdurlar\u0131n aileleri ve kay\u0131plarla dayan\u0131\u015fmay\u0131 ifade etmek i\u00e7in Esad rejiminin en b\u00fcy\u00fck insan mezbahalar\u0131ndan biri olan k\u00f6t\u00fc \u015f\u00f6hretli eski Sednaya hapishanesini ziyaret etti. Ziyaret, &hellip;<\/p>\n","protected":false},"author":44,"featured_media":313361,"comment_status":"closed","ping_status":"closed","sticky":false,"template":"","format":"standard","meta":{"footnotes":""},"categories":[589,479,17988,478],"tags":[43136,43138,43137],"class_list":["post-313360","post","type-post","status-publish","format-standard","has-post-thumbnail","","category-haber-seridi","category-haberler-yerel","category-son-haberler","category-yerel","tag-avrupali-bir-heyet","tag-magdurlarin-aileleri-ve-kayiplarla-dayanismanin-bir-ifadesi-olarak-saydnaya-hapishanesini-gezdi","tag-tutuklular"],"_links":{"self":[{"href":"https:\/\/archive.sana.sy\/tr\/index.php?rest_route=\/wp\/v2\/posts\/313360","targetHints":{"allow":["GET"]}}],"collection":[{"href":"https:\/\/archive.sana.sy\/tr\/index.php?rest_route=\/wp\/v2\/posts"}],"about":[{"href":"https:\/\/archive.sana.sy\/tr\/index.php?rest_route=\/wp\/v2\/types\/post"}],"author":[{"embeddable":true,"href":"https:\/\/archive.sana.sy\/tr\/index.php?rest_route=\/wp\/v2\/users\/44"}],"replies":[{"embeddable":true,"href":"https:\/\/archive.sana.sy\/tr\/index.php?rest_route=%2Fwp%2Fv2%2Fcomments&post=313360"}],"version-history":[{"count":1,"href":"https:\/\/archive.sana.sy\/tr\/index.php?rest_route=\/wp\/v2\/posts\/313360\/revisions"}],"predecessor-version":[{"id":313366,"href":"https:\/\/archive.sana.sy\/tr\/index.php?rest_route=\/wp\/v2\/posts\/313360\/revisions\/313366"}],"wp:featuredmedia":[{"embeddable":true,"href":"https:\/\/archive.sana.sy\/tr\/index.php?rest_route=\/wp\/v2\/media\/313361"}],"wp:attachment":[{"href":"https:\/\/archive.sana.sy\/tr\/index.php?rest_route=%2Fwp%2Fv2%2Fmedia&parent=313360"}],"wp:term":[{"taxonomy":"category","embeddable":true,"href":"https:\/\/archive.sana.sy\/tr\/index.php?rest_route=%2Fwp%2Fv2%2Fcategories&post=313360"},{"taxonomy":"post_tag","embeddable":true,"href":"https:\/\/archive.sana.sy\/tr\/index.php?rest_route=%2Fwp%2Fv2%2Ftags&post=313360"}],"curies":[{"name":"wp","href":"https:\/\/api.w.org\/{rel}","templated":true}]}}