{"id":313372,"date":"2025-01-04T07:01:48","date_gmt":"2025-01-04T04:01:48","guid":{"rendered":"https:\/\/sana.sy\/tr\/?p=313372"},"modified":"2025-01-04T15:03:06","modified_gmt":"2025-01-04T12:03:06","slug":"cebleh-kenti-halki-kutlu-suriye-devriminin-devrik-rejime-karsi-kazandigi-zaferi-kutladi","status":"publish","type":"post","link":"https:\/\/archive.sana.sy\/tr\/?p=313372","title":{"rendered":"Cebleh Kenti Halk\u0131 Kutlu Suriye Devriminin Devrik Rejime Kar\u015f\u0131 Kazand\u0131\u011f\u0131 Zaferi Kutlad\u0131"},"content":{"rendered":"<p style=\"text-align: justify;\"><span style=\"color: #800000;\"><strong>LAZK\u0130YE (SANA)<\/strong> &#8211;<\/span>\u00a0 Cebleh kenti halk\u0131, bug\u00fcn kentin merkezindeki al\u0131\u015fveri\u015f merkezi meydan\u0131nda, kutlu Suriye devriminin devrik rejime kar\u015f\u0131 kazand\u0131\u011f\u0131 zaferi kutlayan bir festivali geni\u015f kat\u0131l\u0131mla ger\u00e7ekle\u015ftirdi.<\/p>\n<p style=\"text-align: justify;\">&#8220;Suriye&#8217;nin gelece\u011fini birlikte in\u015fa ediyoruz&#8230; tek el, tek y\u00fcrek&#8221; slogan\u0131yla ger\u00e7ekle\u015ftirilen festivalde, devrimin devrik rejime kar\u015f\u0131 kazand\u0131\u011f\u0131 b\u00fcy\u00fck zafer ve b\u00fcy\u00fck fedakarl\u0131klara dikkat \u00e7eken konu\u015fmalar yap\u0131ld\u0131..<\/p>\n<p style=\"text-align: justify;\">Festivale kat\u0131lanlar ise, milletin ve milletin birli\u011fine \u00e7a\u011f\u0131ran sloganlar att\u0131.<\/p>\n<div id='gallery-1' class='gallery galleryid-313372 gallery-columns-3 gallery-size-thumbnail'><figure class='gallery-item'>\n\t\t\t<div class='gallery-icon landscape'>\n\t\t\t\t<a href='https:\/\/archive.sana.sy\/tr\/?attachment_id=313374'><img loading=\"lazy\" decoding=\"async\" width=\"150\" height=\"150\" src=\"https:\/\/archive.sana.sy\/tr\/wp-content\/uploads\/2025\/01\/4-19-150x150.jpg\" class=\"attachment-thumbnail size-thumbnail\" alt=\"\" \/><\/a>\n\t\t\t<\/div><\/figure><figure class='gallery-item'>\n\t\t\t<div class='gallery-icon landscape'>\n\t\t\t\t<a href='https:\/\/archive.sana.sy\/tr\/?attachment_id=313375'><img loading=\"lazy\" decoding=\"async\" width=\"150\" height=\"150\" src=\"https:\/\/archive.sana.sy\/tr\/wp-content\/uploads\/2025\/01\/3-18-150x150.jpg\" class=\"attachment-thumbnail size-thumbnail\" alt=\"\" \/><\/a>\n\t\t\t<\/div><\/figure><figure class='gallery-item'>\n\t\t\t<div class='gallery-icon landscape'>\n\t\t\t\t<a href='https:\/\/archive.sana.sy\/tr\/?attachment_id=313376'><img loading=\"lazy\" decoding=\"async\" width=\"150\" height=\"150\" src=\"https:\/\/archive.sana.sy\/tr\/wp-content\/uploads\/2025\/01\/2-21-150x150.jpg\" class=\"attachment-thumbnail size-thumbnail\" alt=\"\" \/><\/a>\n\t\t\t<\/div><\/figure>\n\t\t<\/div>\n\n","protected":false},"excerpt":{"rendered":"<p>LAZK\u0130YE (SANA) &#8211;\u00a0 Cebleh kenti halk\u0131, bug\u00fcn kentin merkezindeki al\u0131\u015fveri\u015f merkezi meydan\u0131nda, kutlu Suriye devriminin devrik rejime kar\u015f\u0131 kazand\u0131\u011f\u0131 zaferi kutlayan bir festivali geni\u015f kat\u0131l\u0131mla ger\u00e7ekle\u015ftirdi. &#8220;Suriye&#8217;nin gelece\u011fini birlikte in\u015fa ediyoruz&#8230; tek el, tek y\u00fcrek&#8221; slogan\u0131yla ger\u00e7ekle\u015ftirilen festivalde, devrimin devrik rejime kar\u015f\u0131 kazand\u0131\u011f\u0131 b\u00fcy\u00fck zafer ve b\u00fcy\u00fck fedakarl\u0131klara dikkat \u00e7eken konu\u015fmalar yap\u0131ld\u0131.. Festivale kat\u0131lanlar ise, &hellip;<\/p>\n","protected":false},"author":44,"featured_media":313373,"comment_status":"closed","ping_status":"closed","sticky":false,"template":"","format":"standard","meta":{"footnotes":""},"categories":[458,589,459,17988],"tags":[43139],"class_list":["post-313372","post","type-post","status-publish","format-standard","has-post-thumbnail","","category-dunya1","category-haber-seridi","category-haberler-arap-uluslararasi-politika","category-son-haberler","tag-cebleh-kenti-halki-kutlu-suriye-devriminin-devrik-rejime-karsi-kazandigi-zaferi-kutladi"],"_links":{"self":[{"href":"https:\/\/archive.sana.sy\/tr\/index.php?rest_route=\/wp\/v2\/posts\/313372","targetHints":{"allow":["GET"]}}],"collection":[{"href":"https:\/\/archive.sana.sy\/tr\/index.php?rest_route=\/wp\/v2\/posts"}],"about":[{"href":"https:\/\/archive.sana.sy\/tr\/index.php?rest_route=\/wp\/v2\/types\/post"}],"author":[{"embeddable":true,"href":"https:\/\/archive.sana.sy\/tr\/index.php?rest_route=\/wp\/v2\/users\/44"}],"replies":[{"embeddable":true,"href":"https:\/\/archive.sana.sy\/tr\/index.php?rest_route=%2Fwp%2Fv2%2Fcomments&post=313372"}],"version-history":[{"count":1,"href":"https:\/\/archive.sana.sy\/tr\/index.php?rest_route=\/wp\/v2\/posts\/313372\/revisions"}],"predecessor-version":[{"id":313377,"href":"https:\/\/archive.sana.sy\/tr\/index.php?rest_route=\/wp\/v2\/posts\/313372\/revisions\/313377"}],"wp:featuredmedia":[{"embeddable":true,"href":"https:\/\/archive.sana.sy\/tr\/index.php?rest_route=\/wp\/v2\/media\/313373"}],"wp:attachment":[{"href":"https:\/\/archive.sana.sy\/tr\/index.php?rest_route=%2Fwp%2Fv2%2Fmedia&parent=313372"}],"wp:term":[{"taxonomy":"category","embeddable":true,"href":"https:\/\/archive.sana.sy\/tr\/index.php?rest_route=%2Fwp%2Fv2%2Fcategories&post=313372"},{"taxonomy":"post_tag","embeddable":true,"href":"https:\/\/archive.sana.sy\/tr\/index.php?rest_route=%2Fwp%2Fv2%2Ftags&post=313372"}],"curies":[{"name":"wp","href":"https:\/\/api.w.org\/{rel}","templated":true}]}}