{"id":313657,"date":"2025-01-11T13:12:24","date_gmt":"2025-01-11T10:12:24","guid":{"rendered":"https:\/\/sana.sy\/tr\/?p=313657"},"modified":"2025-01-11T13:12:59","modified_gmt":"2025-01-11T10:12:59","slug":"sdg-guclerinin-kontrolundeki-bolgelerden-halep-kentine-dogru-giderken-bomba-yuklu-bir-arac-ele-gecirildi","status":"publish","type":"post","link":"https:\/\/archive.sana.sy\/tr\/?p=313657","title":{"rendered":"(SDG) G\u00fc\u00e7lerinin Kontrol\u00fcndeki B\u00f6lgelerden Halep Kentine Do\u011fru Giderken Bomba Y\u00fckl\u00fc Bir Ara\u00e7 Ele Ge\u00e7irildi"},"content":{"rendered":"<p style=\"text-align: justify;\"><strong><span style=\"color: #800000;\">HALEP (SANA)<\/span><\/strong> &#8211; \u0130\u00e7i\u015fleri Bakanl\u0131\u011f\u0131&#8217;ndan bir kaynak, Emniyet Genel M\u00fcd\u00fcrl\u00fc\u011f\u00fc&#8217;n\u00fcn, Genel \u0130stihbarat Te\u015fkilat\u0131 ile koordineli olarak yapt\u0131\u011f\u0131 \u00e7al\u0131\u015fmada, (SDG)&#8217;nin kontrol\u00fcndeki b\u00f6lgelerden Halep kentine do\u011fru gelen bombal\u0131 bir arac\u0131 ele ge\u00e7irdi\u011fini bildirdi.<\/p>\n<p style=\"text-align: justify;\">Kaynak SANA&#8217;ya yapt\u0131\u011f\u0131 a\u00e7\u0131klamada \u015funlar\u0131 kaydetti: \u2018\u2019Emniyet Genel M\u00fcd\u00fcrl\u00fc\u011f\u00fc&#8217;ne ba\u011fl\u0131 uzman ekipler, tuzakl\u0131 arac\u0131 emniyete alarak herhangi bir kay\u0131p vermeden s\u00f6kmeyi ba\u015fard\u0131.\u2019\u2019<\/p>\n<p style=\"text-align: justify;\">Kaynak a\u00e7\u0131klamas\u0131n\u0131 \u015fu s\u00f6zlerle sonland\u0131rd\u0131: \u2018\u2019G\u00fc\u00e7lerimiz Suriye halk\u0131na ve mallar\u0131na y\u00f6nelik her t\u00fcrl\u00fc sald\u0131r\u0131 giri\u015fimine kar\u015f\u0131 teyakkuz halinde olmaya devam edecektir.\u2019\u2019<\/p>\n<div id='gallery-1' class='gallery galleryid-313657 gallery-columns-2 gallery-size-medium'><figure class='gallery-item'>\n\t\t\t<div class='gallery-icon landscape'>\n\t\t\t\t<a href='https:\/\/archive.sana.sy\/tr\/?attachment_id=313658'><img loading=\"lazy\" decoding=\"async\" width=\"300\" height=\"200\" src=\"https:\/\/archive.sana.sy\/tr\/wp-content\/uploads\/2025\/01\/3-42-300x200.jpg\" class=\"attachment-medium size-medium\" alt=\"\" srcset=\"https:\/\/archive.sana.sy\/tr\/wp-content\/uploads\/2025\/01\/3-42-300x200.jpg 300w, https:\/\/archive.sana.sy\/tr\/wp-content\/uploads\/2025\/01\/3-42.jpg 660w\" sizes=\"auto, (max-width: 300px) 100vw, 300px\" \/><\/a>\n\t\t\t<\/div><\/figure><figure class='gallery-item'>\n\t\t\t<div class='gallery-icon landscape'>\n\t\t\t\t<a href='https:\/\/archive.sana.sy\/tr\/?attachment_id=313659'><img loading=\"lazy\" decoding=\"async\" width=\"300\" height=\"200\" src=\"https:\/\/archive.sana.sy\/tr\/wp-content\/uploads\/2025\/01\/2-43-300x200.jpg\" class=\"attachment-medium size-medium\" alt=\"\" srcset=\"https:\/\/archive.sana.sy\/tr\/wp-content\/uploads\/2025\/01\/2-43-300x200.jpg 300w, https:\/\/archive.sana.sy\/tr\/wp-content\/uploads\/2025\/01\/2-43.jpg 660w\" sizes=\"auto, (max-width: 300px) 100vw, 300px\" \/><\/a>\n\t\t\t<\/div><\/figure>\n\t\t<\/div>\n\n","protected":false},"excerpt":{"rendered":"<p>HALEP (SANA) &#8211; \u0130\u00e7i\u015fleri Bakanl\u0131\u011f\u0131&#8217;ndan bir kaynak, Emniyet Genel M\u00fcd\u00fcrl\u00fc\u011f\u00fc&#8217;n\u00fcn, Genel \u0130stihbarat Te\u015fkilat\u0131 ile koordineli olarak yapt\u0131\u011f\u0131 \u00e7al\u0131\u015fmada, (SDG)&#8217;nin kontrol\u00fcndeki b\u00f6lgelerden Halep kentine do\u011fru gelen bombal\u0131 bir arac\u0131 ele ge\u00e7irdi\u011fini bildirdi. Kaynak SANA&#8217;ya yapt\u0131\u011f\u0131 a\u00e7\u0131klamada \u015funlar\u0131 kaydetti: \u2018\u2019Emniyet Genel M\u00fcd\u00fcrl\u00fc\u011f\u00fc&#8217;ne ba\u011fl\u0131 uzman ekipler, tuzakl\u0131 arac\u0131 emniyete alarak herhangi bir kay\u0131p vermeden s\u00f6kmeyi ba\u015fard\u0131.\u2019\u2019 Kaynak a\u00e7\u0131klamas\u0131n\u0131 &hellip;<\/p>\n","protected":false},"author":44,"featured_media":313660,"comment_status":"closed","ping_status":"closed","sticky":false,"template":"","format":"standard","meta":{"footnotes":""},"categories":[589,575,17988],"tags":[43172],"class_list":["post-313657","post","type-post","status-publish","format-standard","has-post-thumbnail","","category-haber-seridi","category-olaylar-ve-gercekler","category-son-haberler","tag-sdg-guclerinin-kontrolundeki-bolgelerden-halep-kentine-dogru-giderken-bomba-yuklu-bir-arac-ele-gecirildi"],"_links":{"self":[{"href":"https:\/\/archive.sana.sy\/tr\/index.php?rest_route=\/wp\/v2\/posts\/313657","targetHints":{"allow":["GET"]}}],"collection":[{"href":"https:\/\/archive.sana.sy\/tr\/index.php?rest_route=\/wp\/v2\/posts"}],"about":[{"href":"https:\/\/archive.sana.sy\/tr\/index.php?rest_route=\/wp\/v2\/types\/post"}],"author":[{"embeddable":true,"href":"https:\/\/archive.sana.sy\/tr\/index.php?rest_route=\/wp\/v2\/users\/44"}],"replies":[{"embeddable":true,"href":"https:\/\/archive.sana.sy\/tr\/index.php?rest_route=%2Fwp%2Fv2%2Fcomments&post=313657"}],"version-history":[{"count":1,"href":"https:\/\/archive.sana.sy\/tr\/index.php?rest_route=\/wp\/v2\/posts\/313657\/revisions"}],"predecessor-version":[{"id":313661,"href":"https:\/\/archive.sana.sy\/tr\/index.php?rest_route=\/wp\/v2\/posts\/313657\/revisions\/313661"}],"wp:featuredmedia":[{"embeddable":true,"href":"https:\/\/archive.sana.sy\/tr\/index.php?rest_route=\/wp\/v2\/media\/313660"}],"wp:attachment":[{"href":"https:\/\/archive.sana.sy\/tr\/index.php?rest_route=%2Fwp%2Fv2%2Fmedia&parent=313657"}],"wp:term":[{"taxonomy":"category","embeddable":true,"href":"https:\/\/archive.sana.sy\/tr\/index.php?rest_route=%2Fwp%2Fv2%2Fcategories&post=313657"},{"taxonomy":"post_tag","embeddable":true,"href":"https:\/\/archive.sana.sy\/tr\/index.php?rest_route=%2Fwp%2Fv2%2Ftags&post=313657"}],"curies":[{"name":"wp","href":"https:\/\/api.w.org\/{rel}","templated":true}]}}