{"id":31377,"date":"2015-04-29T13:45:36","date_gmt":"2015-04-29T10:45:36","guid":{"rendered":"http:\/\/www.sana.sy\/tr\/?p=31377"},"modified":"2015-04-29T13:45:36","modified_gmt":"2015-04-29T10:45:36","slug":"suriyeli-cocuklardan-vatana-selam","status":"publish","type":"post","link":"https:\/\/archive.sana.sy\/tr\/?p=31377","title":{"rendered":"Suriyeli \u00c7ocuklardan Vatana Selam"},"content":{"rendered":"<p>\u015eAM \u2013 \u015eam \u00dcniversitesi G\u00fczel Sanatlar Fak\u00fcltesi Sergi Salonunda \u201cSuriyeli \u00c7ocuklardan Vatana Selamlar\u201d \u015fiar\u0131 alt\u0131nda bir sanat sergisi a\u00e7\u0131ld\u0131.<\/p>\n<p>\u00c7ocuk ve \u00e7ocuk bak\u0131c\u0131lar\u0131n yeteneklerini yans\u0131tan sergide resim, heykel, el sanatlar\u0131 ve e\u011fitim ara\u00e7lar\u0131 gibi eserler sergileniyor.<\/p>\n<p>\u015eam \u00dcniversitesi Muhammed Hassan el K\u00fcrdi, yapt\u0131\u011f\u0131 a\u00e7\u0131klamada serginin, \u00e7ocuklar\u0131n sanatsal yeteneklerini geli\u015ftirmeyi ve te\u015fvik etmeyi ama\u00e7lad\u0131\u011f\u0131na i\u015faret ederek sergide yer alan \u00e7ocuk resimlerinin b\u00fcy\u00fck \u00e7o\u011funlu\u011funun vatan sevgisi konusunu i\u015fledi\u011fini belirtti.<\/p>\n<p>Serginin a\u00e7\u0131l\u0131\u015f\u0131na \u015eam \u00dcniversitesi \u00f6\u011fretim g\u00f6revlileri, \u00f6\u011frencileri ve sanat d\u00fcnyas\u0131ndan tan\u0131nan isimler kat\u0131ld\u0131.<\/p>\n<div id='gallery-1' class='gallery galleryid-31377 gallery-columns-2 gallery-size-medium'><figure class='gallery-item'>\n\t\t\t<div class='gallery-icon landscape'>\n\t\t\t\t<a href='https:\/\/archive.sana.sy\/tr\/wp-content\/uploads\/2015\/04\/as-2.jpg'><img loading=\"lazy\" decoding=\"async\" width=\"300\" height=\"160\" src=\"https:\/\/archive.sana.sy\/tr\/wp-content\/uploads\/2015\/04\/as-2-300x160.jpg\" class=\"attachment-medium size-medium\" alt=\"\" srcset=\"https:\/\/archive.sana.sy\/tr\/wp-content\/uploads\/2015\/04\/as-2-300x160.jpg 300w, https:\/\/archive.sana.sy\/tr\/wp-content\/uploads\/2015\/04\/as-2-150x80.jpg 150w, https:\/\/archive.sana.sy\/tr\/wp-content\/uploads\/2015\/04\/as-2.jpg 620w\" sizes=\"auto, (max-width: 300px) 100vw, 300px\" \/><\/a>\n\t\t\t<\/div><\/figure><figure class='gallery-item'>\n\t\t\t<div class='gallery-icon landscape'>\n\t\t\t\t<a href='https:\/\/archive.sana.sy\/tr\/wp-content\/uploads\/2015\/04\/as-3.jpg'><img loading=\"lazy\" decoding=\"async\" width=\"300\" height=\"160\" src=\"https:\/\/archive.sana.sy\/tr\/wp-content\/uploads\/2015\/04\/as-3-300x160.jpg\" class=\"attachment-medium size-medium\" alt=\"\" srcset=\"https:\/\/archive.sana.sy\/tr\/wp-content\/uploads\/2015\/04\/as-3-300x160.jpg 300w, https:\/\/archive.sana.sy\/tr\/wp-content\/uploads\/2015\/04\/as-3-150x80.jpg 150w, https:\/\/archive.sana.sy\/tr\/wp-content\/uploads\/2015\/04\/as-3.jpg 620w\" sizes=\"auto, (max-width: 300px) 100vw, 300px\" \/><\/a>\n\t\t\t<\/div><\/figure>\n\t\t<\/div>\n\n<p>&nbsp;<\/p>\n<p>F.B.<\/p>\n","protected":false},"excerpt":{"rendered":"<p>\u015eAM \u2013 \u015eam \u00dcniversitesi G\u00fczel Sanatlar Fak\u00fcltesi Sergi Salonunda \u201cSuriyeli \u00c7ocuklardan Vatana Selamlar\u201d \u015fiar\u0131 alt\u0131nda bir sanat sergisi a\u00e7\u0131ld\u0131. \u00c7ocuk ve \u00e7ocuk bak\u0131c\u0131lar\u0131n yeteneklerini yans\u0131tan sergide resim, heykel, el sanatlar\u0131 ve e\u011fitim ara\u00e7lar\u0131 gibi eserler sergileniyor. \u015eam \u00dcniversitesi Muhammed Hassan el K\u00fcrdi, yapt\u0131\u011f\u0131 a\u00e7\u0131klamada serginin, \u00e7ocuklar\u0131n sanatsal yeteneklerini geli\u015ftirmeyi ve te\u015fvik etmeyi ama\u00e7lad\u0131\u011f\u0131na i\u015faret ederek &hellip;<\/p>\n","protected":false},"author":1,"featured_media":31378,"comment_status":"closed","ping_status":"closed","sticky":false,"template":"","format":"standard","meta":{"footnotes":""},"categories":[516,511],"tags":[14172],"class_list":["post-31377","post","type-post","status-publish","format-standard","has-post-thumbnail","","category-haberler-kultur-ve-sanat","category-kultur-ve-sanat","tag-sam-sam-universitesi-guzel-sanatlar-fakultesi-sergi-salonunda-suriyeli-cocuklardan-vatana-selamlar-siari-altinda-bir-sanat-sergisi-acildi"],"_links":{"self":[{"href":"https:\/\/archive.sana.sy\/tr\/index.php?rest_route=\/wp\/v2\/posts\/31377","targetHints":{"allow":["GET"]}}],"collection":[{"href":"https:\/\/archive.sana.sy\/tr\/index.php?rest_route=\/wp\/v2\/posts"}],"about":[{"href":"https:\/\/archive.sana.sy\/tr\/index.php?rest_route=\/wp\/v2\/types\/post"}],"author":[{"embeddable":true,"href":"https:\/\/archive.sana.sy\/tr\/index.php?rest_route=\/wp\/v2\/users\/1"}],"replies":[{"embeddable":true,"href":"https:\/\/archive.sana.sy\/tr\/index.php?rest_route=%2Fwp%2Fv2%2Fcomments&post=31377"}],"version-history":[{"count":0,"href":"https:\/\/archive.sana.sy\/tr\/index.php?rest_route=\/wp\/v2\/posts\/31377\/revisions"}],"wp:featuredmedia":[{"embeddable":true,"href":"https:\/\/archive.sana.sy\/tr\/index.php?rest_route=\/wp\/v2\/media\/31378"}],"wp:attachment":[{"href":"https:\/\/archive.sana.sy\/tr\/index.php?rest_route=%2Fwp%2Fv2%2Fmedia&parent=31377"}],"wp:term":[{"taxonomy":"category","embeddable":true,"href":"https:\/\/archive.sana.sy\/tr\/index.php?rest_route=%2Fwp%2Fv2%2Fcategories&post=31377"},{"taxonomy":"post_tag","embeddable":true,"href":"https:\/\/archive.sana.sy\/tr\/index.php?rest_route=%2Fwp%2Fv2%2Ftags&post=31377"}],"curies":[{"name":"wp","href":"https:\/\/api.w.org\/{rel}","templated":true}]}}