{"id":313791,"date":"2025-01-13T12:00:26","date_gmt":"2025-01-13T09:00:26","guid":{"rendered":"https:\/\/sana.sy\/tr\/?p=313791"},"modified":"2025-01-13T16:01:10","modified_gmt":"2025-01-13T13:01:10","slug":"deyrizorda-bir-cinayet-faili-ve-uyusturucu-kacakciligi-ve-para-sahteciligi-yapan-bir-cete-tutuklandi","status":"publish","type":"post","link":"https:\/\/archive.sana.sy\/tr\/?p=313791","title":{"rendered":"Deyrizor\u2019da Bir Cinayet Faili Ve Uyu\u015fturucu Ka\u00e7ak\u00e7\u0131l\u0131\u011f\u0131 Ve Para Sahtecili\u011fi Yapan Bir \u00c7ete Tutukland\u0131"},"content":{"rendered":"<p style=\"text-align: justify;\"><span style=\"color: #800000;\"><strong>DEYR\u0130ZOR (SANA)<\/strong> <\/span>&#8211; Deyrizor Emniyet M\u00fcd\u00fcrl\u00fc\u011f\u00fc Bat\u0131 \u015eube M\u00fcd\u00fcrl\u00fc\u011f\u00fc ekipleri, uyu\u015fturucu ka\u00e7ak\u00e7\u0131l\u0131\u011f\u0131 ve sahte para basma faaliyetinde bulunan bir \u00e7eteyi ve cinayet zanl\u0131s\u0131n\u0131 tutuklad\u0131.<\/p>\n<div id='gallery-1' class='gallery galleryid-313791 gallery-columns-2 gallery-size-full'><figure class='gallery-item'>\n\t\t\t<div class='gallery-icon landscape'>\n\t\t\t\t<a href='https:\/\/archive.sana.sy\/tr\/?attachment_id=313792'><img loading=\"lazy\" decoding=\"async\" width=\"1280\" height=\"720\" src=\"https:\/\/archive.sana.sy\/tr\/wp-content\/uploads\/2025\/01\/photo_2025-01-13_11-03-44-2.jpg\" class=\"attachment-full size-full\" alt=\"\" srcset=\"https:\/\/archive.sana.sy\/tr\/wp-content\/uploads\/2025\/01\/photo_2025-01-13_11-03-44-2.jpg 1280w, https:\/\/archive.sana.sy\/tr\/wp-content\/uploads\/2025\/01\/photo_2025-01-13_11-03-44-2-300x169.jpg 300w, https:\/\/archive.sana.sy\/tr\/wp-content\/uploads\/2025\/01\/photo_2025-01-13_11-03-44-2-1024x576.jpg 1024w, https:\/\/archive.sana.sy\/tr\/wp-content\/uploads\/2025\/01\/photo_2025-01-13_11-03-44-2-768x432.jpg 768w\" sizes=\"auto, (max-width: 1280px) 100vw, 1280px\" \/><\/a>\n\t\t\t<\/div><\/figure><figure class='gallery-item'>\n\t\t\t<div class='gallery-icon landscape'>\n\t\t\t\t<a href='https:\/\/archive.sana.sy\/tr\/?attachment_id=313793'><img loading=\"lazy\" decoding=\"async\" width=\"1280\" height=\"720\" src=\"https:\/\/archive.sana.sy\/tr\/wp-content\/uploads\/2025\/01\/photo_2025-01-13_11-03-44-3.jpg\" class=\"attachment-full size-full\" alt=\"\" srcset=\"https:\/\/archive.sana.sy\/tr\/wp-content\/uploads\/2025\/01\/photo_2025-01-13_11-03-44-3.jpg 1280w, https:\/\/archive.sana.sy\/tr\/wp-content\/uploads\/2025\/01\/photo_2025-01-13_11-03-44-3-300x169.jpg 300w, https:\/\/archive.sana.sy\/tr\/wp-content\/uploads\/2025\/01\/photo_2025-01-13_11-03-44-3-1024x576.jpg 1024w, https:\/\/archive.sana.sy\/tr\/wp-content\/uploads\/2025\/01\/photo_2025-01-13_11-03-44-3-768x432.jpg 768w\" sizes=\"auto, (max-width: 1280px) 100vw, 1280px\" \/><\/a>\n\t\t\t<\/div><\/figure>\n\t\t<\/div>\n\n","protected":false},"excerpt":{"rendered":"<p>DEYR\u0130ZOR (SANA) &#8211; Deyrizor Emniyet M\u00fcd\u00fcrl\u00fc\u011f\u00fc Bat\u0131 \u015eube M\u00fcd\u00fcrl\u00fc\u011f\u00fc ekipleri, uyu\u015fturucu ka\u00e7ak\u00e7\u0131l\u0131\u011f\u0131 ve sahte para basma faaliyetinde bulunan bir \u00e7eteyi ve cinayet zanl\u0131s\u0131n\u0131 tutuklad\u0131.<\/p>\n","protected":false},"author":41,"featured_media":313794,"comment_status":"closed","ping_status":"closed","sticky":false,"template":"","format":"standard","meta":{"footnotes":""},"categories":[589,479,575,17988,478],"tags":[],"class_list":["post-313791","post","type-post","status-publish","format-standard","has-post-thumbnail","","category-haber-seridi","category-haberler-yerel","category-olaylar-ve-gercekler","category-son-haberler","category-yerel"],"_links":{"self":[{"href":"https:\/\/archive.sana.sy\/tr\/index.php?rest_route=\/wp\/v2\/posts\/313791","targetHints":{"allow":["GET"]}}],"collection":[{"href":"https:\/\/archive.sana.sy\/tr\/index.php?rest_route=\/wp\/v2\/posts"}],"about":[{"href":"https:\/\/archive.sana.sy\/tr\/index.php?rest_route=\/wp\/v2\/types\/post"}],"author":[{"embeddable":true,"href":"https:\/\/archive.sana.sy\/tr\/index.php?rest_route=\/wp\/v2\/users\/41"}],"replies":[{"embeddable":true,"href":"https:\/\/archive.sana.sy\/tr\/index.php?rest_route=%2Fwp%2Fv2%2Fcomments&post=313791"}],"version-history":[{"count":2,"href":"https:\/\/archive.sana.sy\/tr\/index.php?rest_route=\/wp\/v2\/posts\/313791\/revisions"}],"predecessor-version":[{"id":313796,"href":"https:\/\/archive.sana.sy\/tr\/index.php?rest_route=\/wp\/v2\/posts\/313791\/revisions\/313796"}],"wp:featuredmedia":[{"embeddable":true,"href":"https:\/\/archive.sana.sy\/tr\/index.php?rest_route=\/wp\/v2\/media\/313794"}],"wp:attachment":[{"href":"https:\/\/archive.sana.sy\/tr\/index.php?rest_route=%2Fwp%2Fv2%2Fmedia&parent=313791"}],"wp:term":[{"taxonomy":"category","embeddable":true,"href":"https:\/\/archive.sana.sy\/tr\/index.php?rest_route=%2Fwp%2Fv2%2Fcategories&post=313791"},{"taxonomy":"post_tag","embeddable":true,"href":"https:\/\/archive.sana.sy\/tr\/index.php?rest_route=%2Fwp%2Fv2%2Ftags&post=313791"}],"curies":[{"name":"wp","href":"https:\/\/api.w.org\/{rel}","templated":true}]}}