{"id":31382,"date":"2015-04-29T14:29:51","date_gmt":"2015-04-29T11:29:51","guid":{"rendered":"http:\/\/www.sana.sy\/tr\/?p=31382"},"modified":"2015-04-29T14:29:51","modified_gmt":"2015-04-29T11:29:51","slug":"turkiye-katar-ve-suudi-arabistan-bolge-ve-dunya-barisini-tehdit-eden-radikalizm-yuvalaridir","status":"publish","type":"post","link":"https:\/\/archive.sana.sy\/tr\/?p=31382","title":{"rendered":"T\u00fcrkiye, Katar ve Suudi Arabistan B\u00f6lge ve D\u00fcnya Bar\u0131\u015f\u0131n\u0131 Tehdit Eden Radikalizm Yuvalar\u0131d\u0131r"},"content":{"rendered":"<p>\u015eAM \u2013 D\u0131\u015fi\u015fleri ve Gurbet\u00e7iler Bakan\u0131 Yard\u0131mc\u0131s\u0131 Eymen Sosan bug\u00fcn \u0130sve\u00e7\u2019te ya\u015fayan gurbet\u00e7ilerimizden olu\u015fan heyetle bir araya geli\u015finde, Suriye\u2019nin maruz kald\u0131\u011f\u0131 ter\u00f6r sald\u0131r\u0131s\u0131n\u0131n ger\u00e7eklerini ortaya sererek, radikalizm ve karanl\u0131k ideolojinin deposu say\u0131lan T\u00fcrkiye, Suudi Arabistan ve Katar\u2019\u0131n b\u00f6lgesel ve uluslararas\u0131 bar\u0131\u015f ve istikrar\u0131na tehdit olu\u015fturduklar\u0131n\u0131 belirtti.<\/p>\n<p><a href=\"http:\/\/www.sana.sy\/tr\/wp-content\/uploads\/2015\/04\/T\u00fcrkiye-Katar-ve-Suudi-Arabistan-B\u00f6lge-ve-D\u00fcnya-Bar\u0131\u015f\u0131n\u0131-Tehdit-Eden-Radikalizm-Yuvalar\u0131d\u0131r-2.jpg\"><img loading=\"lazy\" decoding=\"async\" class=\"alignright wp-image-31383 size-medium\" src=\"http:\/\/www.sana.sy\/tr\/wp-content\/uploads\/2015\/04\/T\u00fcrkiye-Katar-ve-Suudi-Arabistan-B\u00f6lge-ve-D\u00fcnya-Bar\u0131\u015f\u0131n\u0131-Tehdit-Eden-Radikalizm-Yuvalar\u0131d\u0131r-2-300x163.jpg\" alt=\"T\u00fcrkiye, Katar ve Suudi Arabistan B\u00f6lge ve D\u00fcnya Bar\u0131\u015f\u0131n\u0131 Tehdit Eden Radikalizm Yuvalar\u0131d\u0131r  2\" width=\"300\" height=\"163\" srcset=\"https:\/\/archive.sana.sy\/tr\/wp-content\/uploads\/2015\/04\/T\u00fcrkiye-Katar-ve-Suudi-Arabistan-B\u00f6lge-ve-D\u00fcnya-Bar\u0131\u015f\u0131n\u0131-Tehdit-Eden-Radikalizm-Yuvalar\u0131d\u0131r-2-300x163.jpg 300w, https:\/\/archive.sana.sy\/tr\/wp-content\/uploads\/2015\/04\/T\u00fcrkiye-Katar-ve-Suudi-Arabistan-B\u00f6lge-ve-D\u00fcnya-Bar\u0131\u015f\u0131n\u0131-Tehdit-Eden-Radikalizm-Yuvalar\u0131d\u0131r-2-150x82.jpg 150w, https:\/\/archive.sana.sy\/tr\/wp-content\/uploads\/2015\/04\/T\u00fcrkiye-Katar-ve-Suudi-Arabistan-B\u00f6lge-ve-D\u00fcnya-Bar\u0131\u015f\u0131n\u0131-Tehdit-Eden-Radikalizm-Yuvalar\u0131d\u0131r-2-1024x556.jpg 1024w\" sizes=\"auto, (max-width: 300px) 100vw, 300px\" \/><\/a>Suriye\u2019ye y\u00f6nelik sald\u0131r\u0131da T\u00fcrkiye\u2019nin do\u011frudan m\u00fcdahalesinin uluslararas\u0131 kanuna a\u00e7\u0131k ihlal te\u015fkil etti\u011fini a\u00e7\u0131klayan Sosan, Suriye halk\u0131n\u0131n ayn\u0131 Arap vatan\u0131na y\u00f6nelik kinci T\u00fcrk i\u015fgaline s\u0131n\u0131r koyan ayn\u0131 azim ve \u0131srarla bu sald\u0131r\u0131lara da kar\u015f\u0131 koyaca\u011f\u0131n\u0131 vurgulad\u0131.<\/p>\n<p>Kendi y\u00f6nlerinden heyet \u00fcyeleri, Suriyeli gurbet\u00e7ilerin anavatanlar\u0131 Suriye ile dayan\u0131\u015fmalar\u0131n\u0131 dile getirerek, Suriye ile Cumhurba\u015fkan\u0131 Be\u015f\u015far Esad\u2019\u0131n bilge ve cesur y\u00f6netiminin tutumlar\u0131ndan onur duyduklar\u0131n\u0131 ve direni\u015fini peki\u015ftirecek her t\u00fcrl\u00fc yard\u0131m\u0131 sunmaya haz\u0131r olduklar\u0131n\u0131 ifade ettiler.<\/p>\n<p>G\u00f6r\u00fc\u015fmeye, Bakanl\u0131kta Gurbet\u00e7iler dairesi M\u00fcd\u00fcr\u00fc Faize \u0130skender Ahmet de kat\u0131ld\u0131.<\/p>\n<p>S.\u015e.<\/p>\n","protected":false},"excerpt":{"rendered":"<p>\u015eAM \u2013 D\u0131\u015fi\u015fleri ve Gurbet\u00e7iler Bakan\u0131 Yard\u0131mc\u0131s\u0131 Eymen Sosan bug\u00fcn \u0130sve\u00e7\u2019te ya\u015fayan gurbet\u00e7ilerimizden olu\u015fan heyetle bir araya geli\u015finde, Suriye\u2019nin maruz kald\u0131\u011f\u0131 ter\u00f6r sald\u0131r\u0131s\u0131n\u0131n ger\u00e7eklerini ortaya sererek, radikalizm ve karanl\u0131k ideolojinin deposu say\u0131lan T\u00fcrkiye, Suudi Arabistan ve Katar\u2019\u0131n b\u00f6lgesel ve uluslararas\u0131 bar\u0131\u015f ve istikrar\u0131na tehdit olu\u015fturduklar\u0131n\u0131 belirtti. Suriye\u2019ye y\u00f6nelik sald\u0131r\u0131da T\u00fcrkiye\u2019nin do\u011frudan m\u00fcdahalesinin uluslararas\u0131 kanuna a\u00e7\u0131k &hellip;<\/p>\n","protected":false},"author":1,"featured_media":31384,"comment_status":"closed","ping_status":"closed","sticky":false,"template":"","format":"standard","meta":{"footnotes":""},"categories":[479,2554,2555,478],"tags":[14173,3039],"class_list":["post-31382","post","type-post","status-publish","format-standard","has-post-thumbnail","","category-haberler-yerel","category-suriye-ve-dunya","category-suriye-ve-turkiye","category-yerel","tag-katar-ve-suudi-arabistan-bolge-ve-dunya-barisini-tehdit-eden-radikalizm-yuvalaridir","tag-turkiye"],"_links":{"self":[{"href":"https:\/\/archive.sana.sy\/tr\/index.php?rest_route=\/wp\/v2\/posts\/31382","targetHints":{"allow":["GET"]}}],"collection":[{"href":"https:\/\/archive.sana.sy\/tr\/index.php?rest_route=\/wp\/v2\/posts"}],"about":[{"href":"https:\/\/archive.sana.sy\/tr\/index.php?rest_route=\/wp\/v2\/types\/post"}],"author":[{"embeddable":true,"href":"https:\/\/archive.sana.sy\/tr\/index.php?rest_route=\/wp\/v2\/users\/1"}],"replies":[{"embeddable":true,"href":"https:\/\/archive.sana.sy\/tr\/index.php?rest_route=%2Fwp%2Fv2%2Fcomments&post=31382"}],"version-history":[{"count":0,"href":"https:\/\/archive.sana.sy\/tr\/index.php?rest_route=\/wp\/v2\/posts\/31382\/revisions"}],"wp:featuredmedia":[{"embeddable":true,"href":"https:\/\/archive.sana.sy\/tr\/index.php?rest_route=\/wp\/v2\/media\/31384"}],"wp:attachment":[{"href":"https:\/\/archive.sana.sy\/tr\/index.php?rest_route=%2Fwp%2Fv2%2Fmedia&parent=31382"}],"wp:term":[{"taxonomy":"category","embeddable":true,"href":"https:\/\/archive.sana.sy\/tr\/index.php?rest_route=%2Fwp%2Fv2%2Fcategories&post=31382"},{"taxonomy":"post_tag","embeddable":true,"href":"https:\/\/archive.sana.sy\/tr\/index.php?rest_route=%2Fwp%2Fv2%2Ftags&post=31382"}],"curies":[{"name":"wp","href":"https:\/\/api.w.org\/{rel}","templated":true}]}}