{"id":31386,"date":"2015-04-29T14:59:40","date_gmt":"2015-04-29T11:59:40","guid":{"rendered":"http:\/\/www.sana.sy\/tr\/?p=31386"},"modified":"2015-04-29T14:59:40","modified_gmt":"2015-04-29T11:59:40","slug":"interpol-isidin-tarihi-ve-kulturel-mirasa-verdigi-hasara-dikkat-cekti","status":"publish","type":"post","link":"https:\/\/archive.sana.sy\/tr\/?p=31386","title":{"rendered":"Interpol I\u015e\u0130D\u2019in Tarihi ve K\u00fclt\u00fcrel Mirasa Verdi\u011fi Hasara Dikkat \u00c7ekti"},"content":{"rendered":"<p>WASH\u0130NGTON \u2013 Uluslararas\u0131 Kriminal Polis Te\u015fkilat\u0131 Interpol genel sekreteri J\u00fcrgen Stockcalled Suriye ve Irak\u2019ta tarihi ve k\u00fclt\u00fcrel miras\u0131n korunmas\u0131 \u00e7a\u011fr\u0131s\u0131nda bulundu.<\/p>\n<p>G\u00fcvenlik Konseyinin d\u00fczenledi\u011fi oturumda yapt\u0131\u011f\u0131 ve Amerikan Fox News \u015eebekesinin bug\u00fcn aktard\u0131\u011f\u0131 a\u00e7\u0131klamalar\u0131nda Stockcalled; I\u015e\u0130D\u2019in Suriye ve Irak\u2019ta bu mirasa verdi\u011fi zarar\u0131n \u00f6ne ge\u00e7ilmesi \u00f6neminin alt\u0131n\u0131 \u00e7izdi. Stockcalled I\u015e\u0130D\u2019lilerin s\u00f6z konusu iki \u00fclkeden tarihi ve k\u00fclt\u00fcrel miras\u0131 \u00e7al\u0131p satmalar\u0131n\u0131n engellenmesi gerekti\u011fini s\u00f6yledi.<\/p>\n<p>Stockcalled I\u015e\u0130D \u00d6rg\u00fct\u00fcn\u00fcn, \u2018silahl\u0131lar\u0131n\u0131n\u2019 bir\u00e7ok b\u00f6lgede tarihi eserleri patlay\u0131c\u0131 ile havaya u\u00e7urma, dozer, balyoz yada keski \u00e7eki\u00e7le sabote ettiklerini g\u00f6r\u00fcnt\u00fcleyen videolar yay\u0131nlad\u0131\u011f\u0131na dikkat \u00e7ekti. I\u015e\u0130D\u2019lilerin Suriye ve Irak\u2019ta mevcut ko\u015fullar g\u00f6lgesinde tarihi ve k\u00fclt\u00fcrel miras\u0131 kolay hedef olarak g\u00f6rd\u00fcklerine vurgu yapan Stockcalled; bu eylemlere ilaveten bilin\u00e7siz ve geli\u015fi g\u00fczel kaz\u0131larla verdikleri hasara dikkat \u00e7ekti.<\/p>\n<p>A.A.<\/p>\n","protected":false},"excerpt":{"rendered":"<p>WASH\u0130NGTON \u2013 Uluslararas\u0131 Kriminal Polis Te\u015fkilat\u0131 Interpol genel sekreteri J\u00fcrgen Stockcalled Suriye ve Irak\u2019ta tarihi ve k\u00fclt\u00fcrel miras\u0131n korunmas\u0131 \u00e7a\u011fr\u0131s\u0131nda bulundu. G\u00fcvenlik Konseyinin d\u00fczenledi\u011fi oturumda yapt\u0131\u011f\u0131 ve Amerikan Fox News \u015eebekesinin bug\u00fcn aktard\u0131\u011f\u0131 a\u00e7\u0131klamalar\u0131nda Stockcalled; I\u015e\u0130D\u2019in Suriye ve Irak\u2019ta bu mirasa verdi\u011fi zarar\u0131n \u00f6ne ge\u00e7ilmesi \u00f6neminin alt\u0131n\u0131 \u00e7izdi. Stockcalled I\u015e\u0130D\u2019lilerin s\u00f6z konusu iki \u00fclkeden tarihi &hellip;<\/p>\n","protected":false},"author":1,"featured_media":31387,"comment_status":"closed","ping_status":"closed","sticky":false,"template":"","format":"standard","meta":{"footnotes":""},"categories":[458,459,447],"tags":[14174],"class_list":["post-31386","post","type-post","status-publish","format-standard","has-post-thumbnail","","category-dunya1","category-haberler-arap-uluslararasi-politika","category-politika","tag-washington-uluslararasi-kriminal-polis-teskilati-interpol-genel-sekreteri-jurgen-stockcalled-suriye-ve-irakta-tarihi-ve-kulturel-mirasin-korunmasi-cagrisinda-bulundu"],"_links":{"self":[{"href":"https:\/\/archive.sana.sy\/tr\/index.php?rest_route=\/wp\/v2\/posts\/31386","targetHints":{"allow":["GET"]}}],"collection":[{"href":"https:\/\/archive.sana.sy\/tr\/index.php?rest_route=\/wp\/v2\/posts"}],"about":[{"href":"https:\/\/archive.sana.sy\/tr\/index.php?rest_route=\/wp\/v2\/types\/post"}],"author":[{"embeddable":true,"href":"https:\/\/archive.sana.sy\/tr\/index.php?rest_route=\/wp\/v2\/users\/1"}],"replies":[{"embeddable":true,"href":"https:\/\/archive.sana.sy\/tr\/index.php?rest_route=%2Fwp%2Fv2%2Fcomments&post=31386"}],"version-history":[{"count":0,"href":"https:\/\/archive.sana.sy\/tr\/index.php?rest_route=\/wp\/v2\/posts\/31386\/revisions"}],"wp:featuredmedia":[{"embeddable":true,"href":"https:\/\/archive.sana.sy\/tr\/index.php?rest_route=\/wp\/v2\/media\/31387"}],"wp:attachment":[{"href":"https:\/\/archive.sana.sy\/tr\/index.php?rest_route=%2Fwp%2Fv2%2Fmedia&parent=31386"}],"wp:term":[{"taxonomy":"category","embeddable":true,"href":"https:\/\/archive.sana.sy\/tr\/index.php?rest_route=%2Fwp%2Fv2%2Fcategories&post=31386"},{"taxonomy":"post_tag","embeddable":true,"href":"https:\/\/archive.sana.sy\/tr\/index.php?rest_route=%2Fwp%2Fv2%2Ftags&post=31386"}],"curies":[{"name":"wp","href":"https:\/\/api.w.org\/{rel}","templated":true}]}}