{"id":31389,"date":"2015-04-29T15:09:47","date_gmt":"2015-04-29T12:09:47","guid":{"rendered":"http:\/\/www.sana.sy\/tr\/?p=31389"},"modified":"2015-04-29T15:09:47","modified_gmt":"2015-04-29T12:09:47","slug":"egitimlerini-diger-illerde-tamamlayabilirler","status":"publish","type":"post","link":"https:\/\/archive.sana.sy\/tr\/?p=31389","title":{"rendered":"E\u011fitimlerini Di\u011fer \u0130llerde Tamamlayabilirler"},"content":{"rendered":"<p>\u015eAM \u2013 E\u011fitim Bakanl\u0131\u011f\u0131 bug\u00fcn Deyrezzor ve \u0130dlib kentlerindeki enstit\u00fclerde e\u011fitim g\u00f6ren \u00f6\u011frencilerin, ikinci d\u00f6nemde ba\u015fka illerdeki benzer enstit\u00fclerde e\u011fitimlerini tamamlayabileceklerini belirtti.<\/p>\n<p>Bakanl\u0131k bug\u00fcn yay\u0131nlad\u0131\u011f\u0131 genelgede t\u00fcm illerdeki m\u00fcd\u00fcrl\u00fcklerinden E\u011fitim Y\u00fcksek Kurulunun bu karar\u0131n\u0131 hayata ge\u00e7irmelerinde ilgili t\u00fcm kurumlar\u0131 bildirme ve \u00f6\u011frencilere kolayl\u0131k sa\u011flama talimatlar\u0131nda bulundu.<\/p>\n<p>A.A.<\/p>\n","protected":false},"excerpt":{"rendered":"<p>\u015eAM \u2013 E\u011fitim Bakanl\u0131\u011f\u0131 bug\u00fcn Deyrezzor ve \u0130dlib kentlerindeki enstit\u00fclerde e\u011fitim g\u00f6ren \u00f6\u011frencilerin, ikinci d\u00f6nemde ba\u015fka illerdeki benzer enstit\u00fclerde e\u011fitimlerini tamamlayabileceklerini belirtti. Bakanl\u0131k bug\u00fcn yay\u0131nlad\u0131\u011f\u0131 genelgede t\u00fcm illerdeki m\u00fcd\u00fcrl\u00fcklerinden E\u011fitim Y\u00fcksek Kurulunun bu karar\u0131n\u0131 hayata ge\u00e7irmelerinde ilgili t\u00fcm kurumlar\u0131 bildirme ve \u00f6\u011frencilere kolayl\u0131k sa\u011flama talimatlar\u0131nda bulundu. A.A.<\/p>\n","protected":false},"author":1,"featured_media":31390,"comment_status":"closed","ping_status":"closed","sticky":false,"template":"","format":"standard","meta":{"footnotes":""},"categories":[479,478],"tags":[14176,14175],"class_list":["post-31389","post","type-post","status-publish","format-standard","has-post-thumbnail","","category-haberler-yerel","category-yerel","tag-ikinci-donemde-baska-illerdeki-benzer-enstitulerde-egitimlerini-tamamlayabileceklerini-belirtti","tag-sam-egitim-bakanligi-bugun-deyrezzor-ve-idlib-kentlerindeki-enstitulerde-egitim-goren-ogrencilerin"],"_links":{"self":[{"href":"https:\/\/archive.sana.sy\/tr\/index.php?rest_route=\/wp\/v2\/posts\/31389","targetHints":{"allow":["GET"]}}],"collection":[{"href":"https:\/\/archive.sana.sy\/tr\/index.php?rest_route=\/wp\/v2\/posts"}],"about":[{"href":"https:\/\/archive.sana.sy\/tr\/index.php?rest_route=\/wp\/v2\/types\/post"}],"author":[{"embeddable":true,"href":"https:\/\/archive.sana.sy\/tr\/index.php?rest_route=\/wp\/v2\/users\/1"}],"replies":[{"embeddable":true,"href":"https:\/\/archive.sana.sy\/tr\/index.php?rest_route=%2Fwp%2Fv2%2Fcomments&post=31389"}],"version-history":[{"count":0,"href":"https:\/\/archive.sana.sy\/tr\/index.php?rest_route=\/wp\/v2\/posts\/31389\/revisions"}],"wp:featuredmedia":[{"embeddable":true,"href":"https:\/\/archive.sana.sy\/tr\/index.php?rest_route=\/wp\/v2\/media\/31390"}],"wp:attachment":[{"href":"https:\/\/archive.sana.sy\/tr\/index.php?rest_route=%2Fwp%2Fv2%2Fmedia&parent=31389"}],"wp:term":[{"taxonomy":"category","embeddable":true,"href":"https:\/\/archive.sana.sy\/tr\/index.php?rest_route=%2Fwp%2Fv2%2Fcategories&post=31389"},{"taxonomy":"post_tag","embeddable":true,"href":"https:\/\/archive.sana.sy\/tr\/index.php?rest_route=%2Fwp%2Fv2%2Ftags&post=31389"}],"curies":[{"name":"wp","href":"https:\/\/api.w.org\/{rel}","templated":true}]}}