{"id":31393,"date":"2015-04-29T15:33:28","date_gmt":"2015-04-29T12:33:28","guid":{"rendered":"http:\/\/www.sana.sy\/tr\/?p=31393"},"modified":"2015-04-29T15:51:43","modified_gmt":"2015-04-29T12:51:43","slug":"teroristlerden-kasan-universite-ogrencilerine-yardim-dagitildi","status":"publish","type":"post","link":"https:\/\/archive.sana.sy\/tr\/?p=31393","title":{"rendered":"Ter\u00f6ristlerden Ka\u015fan \u00fcniversite \u00d6\u011frencilerine Yard\u0131m Da\u011f\u0131t\u0131ld\u0131"},"content":{"rendered":"<p>HAMA \u2013 Nusra ve di\u011fer ter\u00f6r \u00e7etelerinin T\u00fcrkiye\u2019deki rejimin deste\u011fi ile \u0130dlib Kentine girmeleriyle \u0130dlib\u2019ten Hama\u2019ya ka\u00e7an \u00fcniversite \u00f6\u011frencilerine bug\u00fcn 500 paket insan\u0131 yard\u0131m da\u011f\u0131t\u0131ld\u0131.<\/p>\n<p>Hama Kentindeki \u00d6\u011frenci Kampusuna al\u0131nan \u00f6\u011frencilerin ac\u0131lar\u0131n\u0131 hafifletme ve onlara destek olma amac\u0131yla K\u0131z\u0131lay \u00d6rg\u00fct\u00fc, Baas Partisi Hama il ba\u015fkanl\u0131\u011f\u0131 ve Ulusal \u00d6\u011frenci Birli\u011fi \u015fubesi muhtelif g\u0131da maddeleri ve temel ihtiya\u00e7 maddeleri da\u011f\u0131t\u0131m\u0131nda bulundular.<\/p>\n<p>Hama ilinde mevcut muhtelif resmi ve sivil toplum faaliyetleri Nisan ay\u0131n\u0131n 9\u2019unda \u0130dlib\u2019te ter\u00f6r \u00e7etelerin vah\u015fetinden ka\u00e7arak Hama\u2019ya s\u0131\u011f\u0131nan ailelere muhtelif ihtiya\u00e7 maddeleri i\u00e7eren insani yard\u0131mlar da\u011f\u0131tm\u0131\u015flard\u0131.<\/p>\n<div id='gallery-1' class='gallery galleryid-31393 gallery-columns-3 gallery-size-thumbnail'><figure class='gallery-item'>\n\t\t\t<div class='gallery-icon landscape'>\n\t\t\t\t<a href='https:\/\/archive.sana.sy\/tr\/wp-content\/uploads\/2015\/04\/insani-yard\u0131m-1.jpg'><img loading=\"lazy\" decoding=\"async\" width=\"150\" height=\"100\" src=\"https:\/\/archive.sana.sy\/tr\/wp-content\/uploads\/2015\/04\/insani-yard\u0131m-1-150x100.jpg\" class=\"attachment-thumbnail size-thumbnail\" alt=\"\" srcset=\"https:\/\/archive.sana.sy\/tr\/wp-content\/uploads\/2015\/04\/insani-yard\u0131m-1-150x100.jpg 150w, https:\/\/archive.sana.sy\/tr\/wp-content\/uploads\/2015\/04\/insani-yard\u0131m-1-300x200.jpg 300w, https:\/\/archive.sana.sy\/tr\/wp-content\/uploads\/2015\/04\/insani-yard\u0131m-1-1024x683.jpg 1024w\" sizes=\"auto, (max-width: 150px) 100vw, 150px\" \/><\/a>\n\t\t\t<\/div><\/figure><figure class='gallery-item'>\n\t\t\t<div class='gallery-icon landscape'>\n\t\t\t\t<a href='https:\/\/archive.sana.sy\/tr\/wp-content\/uploads\/2015\/04\/insani-yard\u0131m-2.jpg'><img loading=\"lazy\" decoding=\"async\" width=\"150\" height=\"100\" src=\"https:\/\/archive.sana.sy\/tr\/wp-content\/uploads\/2015\/04\/insani-yard\u0131m-2-150x100.jpg\" class=\"attachment-thumbnail size-thumbnail\" alt=\"\" srcset=\"https:\/\/archive.sana.sy\/tr\/wp-content\/uploads\/2015\/04\/insani-yard\u0131m-2-150x100.jpg 150w, https:\/\/archive.sana.sy\/tr\/wp-content\/uploads\/2015\/04\/insani-yard\u0131m-2-300x200.jpg 300w, https:\/\/archive.sana.sy\/tr\/wp-content\/uploads\/2015\/04\/insani-yard\u0131m-2-1024x683.jpg 1024w\" sizes=\"auto, (max-width: 150px) 100vw, 150px\" \/><\/a>\n\t\t\t<\/div><\/figure><figure class='gallery-item'>\n\t\t\t<div class='gallery-icon landscape'>\n\t\t\t\t<a href='https:\/\/archive.sana.sy\/tr\/wp-content\/uploads\/2015\/04\/insani-yard\u0131m-3.jpg'><img loading=\"lazy\" decoding=\"async\" width=\"150\" height=\"92\" src=\"https:\/\/archive.sana.sy\/tr\/wp-content\/uploads\/2015\/04\/insani-yard\u0131m-3-150x92.jpg\" class=\"attachment-thumbnail size-thumbnail\" alt=\"\" srcset=\"https:\/\/archive.sana.sy\/tr\/wp-content\/uploads\/2015\/04\/insani-yard\u0131m-3-150x92.jpg 150w, https:\/\/archive.sana.sy\/tr\/wp-content\/uploads\/2015\/04\/insani-yard\u0131m-3-300x184.jpg 300w, https:\/\/archive.sana.sy\/tr\/wp-content\/uploads\/2015\/04\/insani-yard\u0131m-3-1024x627.jpg 1024w\" sizes=\"auto, (max-width: 150px) 100vw, 150px\" \/><\/a>\n\t\t\t<\/div><\/figure><figure class='gallery-item'>\n\t\t\t<div class='gallery-icon landscape'>\n\t\t\t\t<a href='https:\/\/archive.sana.sy\/tr\/wp-content\/uploads\/2015\/04\/insani-yard\u0131m-5.jpg'><img loading=\"lazy\" decoding=\"async\" width=\"150\" height=\"100\" src=\"https:\/\/archive.sana.sy\/tr\/wp-content\/uploads\/2015\/04\/insani-yard\u0131m-5-150x100.jpg\" class=\"attachment-thumbnail size-thumbnail\" alt=\"\" srcset=\"https:\/\/archive.sana.sy\/tr\/wp-content\/uploads\/2015\/04\/insani-yard\u0131m-5-150x100.jpg 150w, https:\/\/archive.sana.sy\/tr\/wp-content\/uploads\/2015\/04\/insani-yard\u0131m-5-300x200.jpg 300w, https:\/\/archive.sana.sy\/tr\/wp-content\/uploads\/2015\/04\/insani-yard\u0131m-5-1024x683.jpg 1024w\" sizes=\"auto, (max-width: 150px) 100vw, 150px\" \/><\/a>\n\t\t\t<\/div><\/figure><figure class='gallery-item'>\n\t\t\t<div class='gallery-icon landscape'>\n\t\t\t\t<a href='https:\/\/archive.sana.sy\/tr\/wp-content\/uploads\/2015\/04\/insani-yard\u0131m-6.jpg'><img loading=\"lazy\" decoding=\"async\" width=\"150\" height=\"111\" src=\"https:\/\/archive.sana.sy\/tr\/wp-content\/uploads\/2015\/04\/insani-yard\u0131m-6-150x111.jpg\" class=\"attachment-thumbnail size-thumbnail\" alt=\"\" srcset=\"https:\/\/archive.sana.sy\/tr\/wp-content\/uploads\/2015\/04\/insani-yard\u0131m-6-150x111.jpg 150w, https:\/\/archive.sana.sy\/tr\/wp-content\/uploads\/2015\/04\/insani-yard\u0131m-6-300x221.jpg 300w, https:\/\/archive.sana.sy\/tr\/wp-content\/uploads\/2015\/04\/insani-yard\u0131m-6-1024x756.jpg 1024w\" sizes=\"auto, (max-width: 150px) 100vw, 150px\" \/><\/a>\n\t\t\t<\/div><\/figure>\n\t\t<\/div>\n\n<p>A.A. &#8211; M.M.<\/p>\n","protected":false},"excerpt":{"rendered":"<p>HAMA \u2013 Nusra ve di\u011fer ter\u00f6r \u00e7etelerinin T\u00fcrkiye\u2019deki rejimin deste\u011fi ile \u0130dlib Kentine girmeleriyle \u0130dlib\u2019ten Hama\u2019ya ka\u00e7an \u00fcniversite \u00f6\u011frencilerine bug\u00fcn 500 paket insan\u0131 yard\u0131m da\u011f\u0131t\u0131ld\u0131. Hama Kentindeki \u00d6\u011frenci Kampusuna al\u0131nan \u00f6\u011frencilerin ac\u0131lar\u0131n\u0131 hafifletme ve onlara destek olma amac\u0131yla K\u0131z\u0131lay \u00d6rg\u00fct\u00fc, Baas Partisi Hama il ba\u015fkanl\u0131\u011f\u0131 ve Ulusal \u00d6\u011frenci Birli\u011fi \u015fubesi muhtelif g\u0131da maddeleri ve temel &hellip;<\/p>\n","protected":false},"author":1,"featured_media":31394,"comment_status":"closed","ping_status":"closed","sticky":false,"template":"","format":"standard","meta":{"footnotes":""},"categories":[479,478],"tags":[14177],"class_list":["post-31393","post","type-post","status-publish","format-standard","has-post-thumbnail","","category-haberler-yerel","category-yerel","tag-teroristlerden-kasan-universite-ogrencilerine-yardim-dagitildi"],"_links":{"self":[{"href":"https:\/\/archive.sana.sy\/tr\/index.php?rest_route=\/wp\/v2\/posts\/31393","targetHints":{"allow":["GET"]}}],"collection":[{"href":"https:\/\/archive.sana.sy\/tr\/index.php?rest_route=\/wp\/v2\/posts"}],"about":[{"href":"https:\/\/archive.sana.sy\/tr\/index.php?rest_route=\/wp\/v2\/types\/post"}],"author":[{"embeddable":true,"href":"https:\/\/archive.sana.sy\/tr\/index.php?rest_route=\/wp\/v2\/users\/1"}],"replies":[{"embeddable":true,"href":"https:\/\/archive.sana.sy\/tr\/index.php?rest_route=%2Fwp%2Fv2%2Fcomments&post=31393"}],"version-history":[{"count":0,"href":"https:\/\/archive.sana.sy\/tr\/index.php?rest_route=\/wp\/v2\/posts\/31393\/revisions"}],"wp:featuredmedia":[{"embeddable":true,"href":"https:\/\/archive.sana.sy\/tr\/index.php?rest_route=\/wp\/v2\/media\/31394"}],"wp:attachment":[{"href":"https:\/\/archive.sana.sy\/tr\/index.php?rest_route=%2Fwp%2Fv2%2Fmedia&parent=31393"}],"wp:term":[{"taxonomy":"category","embeddable":true,"href":"https:\/\/archive.sana.sy\/tr\/index.php?rest_route=%2Fwp%2Fv2%2Fcategories&post=31393"},{"taxonomy":"post_tag","embeddable":true,"href":"https:\/\/archive.sana.sy\/tr\/index.php?rest_route=%2Fwp%2Fv2%2Ftags&post=31393"}],"curies":[{"name":"wp","href":"https:\/\/api.w.org\/{rel}","templated":true}]}}