{"id":31396,"date":"2015-04-29T15:38:38","date_gmt":"2015-04-29T12:38:38","guid":{"rendered":"http:\/\/www.sana.sy\/tr\/?p=31396"},"modified":"2015-04-29T15:38:38","modified_gmt":"2015-04-29T12:38:38","slug":"sam-kirsalinda-63-kanun-kacagi-silahlariyla-teslim-oldu","status":"publish","type":"post","link":"https:\/\/archive.sana.sy\/tr\/?p=31396","title":{"rendered":"\u015eam K\u0131rsal\u0131nda 63 kanun Ka\u00e7a\u011f\u0131 Silahlar\u0131yla Teslim Oldu"},"content":{"rendered":"<p>\u015eAM KIRSALI \u2013 \u015eam k\u0131rsal\u0131n\u0131n muhtelif b\u00f6lgelerinde bug\u00fcn 63 kanun ka\u00e7a\u011f\u0131 silahlar\u0131yla birlikte ilgili g\u00fcvenlik kurumlar\u0131na teslim oldu.<\/p>\n<p>Yerel ulusal uzla\u015fma \u00e7abalar\u0131 kapsam\u0131nda teslim olan kanun ka\u00e7aklar\u0131, vatan\u0131 hedef alan d\u0131\u015f planlara alet olmaktan pi\u015fman olduklar\u0131n\u0131, af karar\u0131 kapsam\u0131nda kanuni durumlar\u0131n\u0131n yeniden d\u00fczenlenmesi arzusunda olduklar\u0131n\u0131 ifade etti.<\/p>\n<p>A.A. &#8211; M.M.<\/p>\n","protected":false},"excerpt":{"rendered":"<p>\u015eAM KIRSALI \u2013 \u015eam k\u0131rsal\u0131n\u0131n muhtelif b\u00f6lgelerinde bug\u00fcn 63 kanun ka\u00e7a\u011f\u0131 silahlar\u0131yla birlikte ilgili g\u00fcvenlik kurumlar\u0131na teslim oldu. Yerel ulusal uzla\u015fma \u00e7abalar\u0131 kapsam\u0131nda teslim olan kanun ka\u00e7aklar\u0131, vatan\u0131 hedef alan d\u0131\u015f planlara alet olmaktan pi\u015fman olduklar\u0131n\u0131, af karar\u0131 kapsam\u0131nda kanuni durumlar\u0131n\u0131n yeniden d\u00fczenlenmesi arzusunda olduklar\u0131n\u0131 ifade etti. A.A. &#8211; M.M.<\/p>\n","protected":false},"author":1,"featured_media":31397,"comment_status":"closed","ping_status":"closed","sticky":false,"template":"","format":"standard","meta":{"footnotes":""},"categories":[479,575,478],"tags":[14179,14178],"class_list":["post-31396","post","type-post","status-publish","format-standard","has-post-thumbnail","","category-haberler-yerel","category-olaylar-ve-gercekler","category-yerel","tag-sam-kirsali-sam-kirsalinin-muhtelif-bolgelerinde-bugun-63-kanun-kacagi-silahlariyla-birlikte-ilgili-guvenlik-kurumlarina-teslim-oldu","tag-sam-kirsalinda-63-kanun-kacagi-silahlariyla-teslim-oldu"],"_links":{"self":[{"href":"https:\/\/archive.sana.sy\/tr\/index.php?rest_route=\/wp\/v2\/posts\/31396","targetHints":{"allow":["GET"]}}],"collection":[{"href":"https:\/\/archive.sana.sy\/tr\/index.php?rest_route=\/wp\/v2\/posts"}],"about":[{"href":"https:\/\/archive.sana.sy\/tr\/index.php?rest_route=\/wp\/v2\/types\/post"}],"author":[{"embeddable":true,"href":"https:\/\/archive.sana.sy\/tr\/index.php?rest_route=\/wp\/v2\/users\/1"}],"replies":[{"embeddable":true,"href":"https:\/\/archive.sana.sy\/tr\/index.php?rest_route=%2Fwp%2Fv2%2Fcomments&post=31396"}],"version-history":[{"count":0,"href":"https:\/\/archive.sana.sy\/tr\/index.php?rest_route=\/wp\/v2\/posts\/31396\/revisions"}],"wp:featuredmedia":[{"embeddable":true,"href":"https:\/\/archive.sana.sy\/tr\/index.php?rest_route=\/wp\/v2\/media\/31397"}],"wp:attachment":[{"href":"https:\/\/archive.sana.sy\/tr\/index.php?rest_route=%2Fwp%2Fv2%2Fmedia&parent=31396"}],"wp:term":[{"taxonomy":"category","embeddable":true,"href":"https:\/\/archive.sana.sy\/tr\/index.php?rest_route=%2Fwp%2Fv2%2Fcategories&post=31396"},{"taxonomy":"post_tag","embeddable":true,"href":"https:\/\/archive.sana.sy\/tr\/index.php?rest_route=%2Fwp%2Fv2%2Ftags&post=31396"}],"curies":[{"name":"wp","href":"https:\/\/api.w.org\/{rel}","templated":true}]}}