{"id":31405,"date":"2015-04-29T15:54:16","date_gmt":"2015-04-29T12:54:16","guid":{"rendered":"http:\/\/www.sana.sy\/tr\/?p=31405"},"modified":"2015-04-29T15:56:20","modified_gmt":"2015-04-29T12:56:20","slug":"keskin-nisanci-ceteler-sivilleri-hedef-aliyor","status":"publish","type":"post","link":"https:\/\/archive.sana.sy\/tr\/?p=31405","title":{"rendered":"Keskin Ni\u015fanc\u0131 \u00c7eteler Sivilleri hedef Al\u0131yor"},"content":{"rendered":"<p>HALEP \u2013 Halep\u2019te Erdo\u011fan rejimine tabi olarak vah\u015fet dolu ter\u00f6r faaliyetlerinde bulunan \u00e7eteler bug\u00fcn Halep Kentinde sivil insanlara keskin ni\u015fanc\u0131 silahlar\u0131yla ate\u015f a\u00e7t\u0131.<\/p>\n<p>Halep Emniyet M\u00fcd\u00fcrl\u00fc\u011f\u00fcnde bir kaynak; kentin Bab el Nas\u0131r ve Bostan el Kasr semtlerinde siper alan keskin ni\u015fanc\u0131 ter\u00f6ristlerin Bab el Farac Semti ve Pasaport Dairesi yak\u0131nlar\u0131nda sivil vatanda\u015flara ate\u015f a\u00e7t\u0131klar\u0131n\u0131 aktard\u0131. Kaynak a\u00e7\u0131lan ter\u00f6r ate\u015finde sivil 5 vatanda\u015f\u0131n yaraland\u0131\u011f\u0131n\u0131 ifade ederken, yaral\u0131lar\u0131n el Razi Hastanesine kald\u0131r\u0131ld\u0131klar\u0131n\u0131 s\u00f6zlerine ekledi.<\/p>\n<p>Bu arada Beni Zeyd Semtindeki ter\u00f6ristlerin d\u00fcn Sebil Semtinde sivil evleri roketlerle hedef almalar\u0131 sonucunda bir baba ve ki \u00e7ocu\u011fu \u015fehit d\u00fc\u015ft\u00fc, aralar\u0131nda bir anne ve iki \u00e7ocu\u011funun bulundu\u011fu 4 ki\u015fi de yaralanm\u0131\u015ft\u0131.<\/p>\n<p>A.A. &#8211; M.M.<\/p>\n","protected":false},"excerpt":{"rendered":"<p>HALEP \u2013 Halep\u2019te Erdo\u011fan rejimine tabi olarak vah\u015fet dolu ter\u00f6r faaliyetlerinde bulunan \u00e7eteler bug\u00fcn Halep Kentinde sivil insanlara keskin ni\u015fanc\u0131 silahlar\u0131yla ate\u015f a\u00e7t\u0131. Halep Emniyet M\u00fcd\u00fcrl\u00fc\u011f\u00fcnde bir kaynak; kentin Bab el Nas\u0131r ve Bostan el Kasr semtlerinde siper alan keskin ni\u015fanc\u0131 ter\u00f6ristlerin Bab el Farac Semti ve Pasaport Dairesi yak\u0131nlar\u0131nda sivil vatanda\u015flara ate\u015f a\u00e7t\u0131klar\u0131n\u0131 aktard\u0131. &hellip;<\/p>\n","protected":false},"author":1,"featured_media":31408,"comment_status":"closed","ping_status":"closed","sticky":false,"template":"","format":"standard","meta":{"footnotes":""},"categories":[479,575,478],"tags":[14181,14180],"class_list":["post-31405","post","type-post","status-publish","format-standard","has-post-thumbnail","","category-haberler-yerel","category-olaylar-ve-gercekler","category-yerel","tag-halep-halepte-erdogan-rejimine-tabi-olarak-vahset-dolu-teror-faaliyetlerinde-bulunan-ceteler-bugun-halep-kentinde-sivil-insanlara-keskin-nisanci-silahlariyla-ates-acti","tag-keskin-nisanci-ceteler-sivilleri-hedef-aliyor"],"_links":{"self":[{"href":"https:\/\/archive.sana.sy\/tr\/index.php?rest_route=\/wp\/v2\/posts\/31405","targetHints":{"allow":["GET"]}}],"collection":[{"href":"https:\/\/archive.sana.sy\/tr\/index.php?rest_route=\/wp\/v2\/posts"}],"about":[{"href":"https:\/\/archive.sana.sy\/tr\/index.php?rest_route=\/wp\/v2\/types\/post"}],"author":[{"embeddable":true,"href":"https:\/\/archive.sana.sy\/tr\/index.php?rest_route=\/wp\/v2\/users\/1"}],"replies":[{"embeddable":true,"href":"https:\/\/archive.sana.sy\/tr\/index.php?rest_route=%2Fwp%2Fv2%2Fcomments&post=31405"}],"version-history":[{"count":0,"href":"https:\/\/archive.sana.sy\/tr\/index.php?rest_route=\/wp\/v2\/posts\/31405\/revisions"}],"wp:featuredmedia":[{"embeddable":true,"href":"https:\/\/archive.sana.sy\/tr\/index.php?rest_route=\/wp\/v2\/media\/31408"}],"wp:attachment":[{"href":"https:\/\/archive.sana.sy\/tr\/index.php?rest_route=%2Fwp%2Fv2%2Fmedia&parent=31405"}],"wp:term":[{"taxonomy":"category","embeddable":true,"href":"https:\/\/archive.sana.sy\/tr\/index.php?rest_route=%2Fwp%2Fv2%2Fcategories&post=31405"},{"taxonomy":"post_tag","embeddable":true,"href":"https:\/\/archive.sana.sy\/tr\/index.php?rest_route=%2Fwp%2Fv2%2Ftags&post=31405"}],"curies":[{"name":"wp","href":"https:\/\/api.w.org\/{rel}","templated":true}]}}