{"id":31409,"date":"2015-04-29T16:13:18","date_gmt":"2015-04-29T13:13:18","guid":{"rendered":"http:\/\/www.sana.sy\/tr\/?p=31409"},"modified":"2015-04-30T15:02:23","modified_gmt":"2015-04-30T12:02:23","slug":"terorle-mucadelede-asamble-suriye-ile-isbirligine-hazirdir","status":"publish","type":"post","link":"https:\/\/archive.sana.sy\/tr\/?p=31409","title":{"rendered":"Ter\u00f6rle M\u00fccadelede Asamble Suriye ile \u0130\u015fbirli\u011fine Haz\u0131rd\u0131r"},"content":{"rendered":"<p>\u015eAM \u2013 Ba\u015fbakan Yard\u0131mc\u0131s\u0131 D\u0131\u015fi\u015fleri ve Gurbet\u00e7iler Bakan\u0131 Velid el Muallim bug\u00fcn sabah saatlerinde Akdeniz Parlamenter Asamblesi Genel Sekreteri Sergio Piazzi ve ona e\u015flik den heyeti kabul etti.<\/p>\n<p>B\u00f6lgede g\u00fcndeminin ele al\u0131nd\u0131\u011f\u0131 g\u00f6r\u00fc\u015fmede Suriye&#8217;nin d\u00f6rt y\u0131la a\u015fk\u0131n s\u00fcredir maruz kald\u0131\u011f\u0131 h\u0131r\u00e7\u0131n ter\u00f6r sald\u0131r\u0131lar\u0131 \u00fczerinde odaklan\u0131ld\u0131.<\/p>\n<p><a href=\"http:\/\/www.sana.sy\/tr\/wp-content\/uploads\/2015\/04\/Muallim.jpg\"><img loading=\"lazy\" decoding=\"async\" class=\"alignright wp-image-31410 size-medium\" src=\"http:\/\/www.sana.sy\/tr\/wp-content\/uploads\/2015\/04\/Muallim-300x160.jpg\" alt=\"Muallim\" width=\"300\" height=\"160\" srcset=\"https:\/\/archive.sana.sy\/tr\/wp-content\/uploads\/2015\/04\/Muallim-300x160.jpg 300w, https:\/\/archive.sana.sy\/tr\/wp-content\/uploads\/2015\/04\/Muallim-150x80.jpg 150w, https:\/\/archive.sana.sy\/tr\/wp-content\/uploads\/2015\/04\/Muallim.jpg 620w\" sizes=\"auto, (max-width: 300px) 100vw, 300px\" \/><\/a>Muallim; b\u00f6lgesel ve evrensel kimi devletlerin deste\u011fi ile Suriye&#8217;yi devlet ve halk olarak hedef alan ter\u00f6rle m\u00fccadelenin \u00f6nemine vurgu yapt\u0131. Ter\u00f6r\u00fcn uluslar aras\u0131 bir afet oldu\u011funa dikkat \u00e7eken Muallim; bu afete kar\u015f\u0131 koyman\u0131n t\u00fcm devletlerin d\u00fcr\u00fcst i\u015fbirli\u011fini gerektirdi\u011fini ifade etti.<\/p>\n<p>Kom\u015fu kimi devletlerin Suriye&#8217;de ter\u00f6r\u00fcn alas\u0131n\u0131 ger\u00e7ekle\u015ftiren ter\u00f6ristlere askeri, maddi ve lojistik desteklerine \u0131\u015f\u0131k tutan Muallim; son olarak \u0130dlib ve k\u0131rsal\u0131nda ya\u015fanan olaylar\u0131n T\u00fcrkiye&#8217;deki rejimin ter\u00f6re deste\u011fi ve d\u0131\u015f g\u00fc\u00e7lerin rol\u00fcn\u00fc net bir \u015fekilde ortaya serdi\u011fine dikkat \u00e7ekti.<\/p>\n<p>G\u00f6r\u00fc\u015fmede Piazzi asamblenin; G\u00fcvenlik Konseyinin 2170 ve 2178 say\u0131l\u0131 kararlar\u0131 kapsam\u0131nda ter\u00f6rle m\u00fccadele \u00e7abas\u0131nda oldu\u011funu s\u00f6yledi. Piazzi istisnas\u0131z t\u00fcm devletlerin bu kararlara ba\u011fl\u0131 kalmalar\u0131 \u00f6nemine vurgu yapt\u0131.<\/p>\n<p>B\u00f6lgenin maruz kald\u0131\u011f\u0131 durumlar\u0131n izah edilmesi \u00e7abalar\u0131nda Asamblenin BM ve Avrupal\u0131 \u00f6rg\u00fct yada forumlar \u00e7er\u00e7evesinde faaliyet g\u00f6sterdi\u011fine i\u015faret eden Piazzi; ter\u00f6rle m\u00fccadelede ilgili kararlar\u0131n Akdeniz \u00fclkelerinin yasamalar\u0131na ge\u00e7irilmesine ilaveten bu yasalar\u0131 hayata ge\u00e7irecek uzman kadrolar\u0131n e\u011fitilmesine \u00e7al\u0131\u015ft\u0131\u011f\u0131n\u0131 s\u00f6zlerine ekledi.<\/p>\n<p>Piazzi ter\u00f6rle m\u00fccadelede Asamblenin Suriye ile i\u015fbirli\u011finde olmaya haz\u0131r oldu\u011funu vurgulad\u0131.<\/p>\n<p>A.A. &#8211; M.M.<\/p>\n","protected":false},"excerpt":{"rendered":"<p>\u015eAM \u2013 Ba\u015fbakan Yard\u0131mc\u0131s\u0131 D\u0131\u015fi\u015fleri ve Gurbet\u00e7iler Bakan\u0131 Velid el Muallim bug\u00fcn sabah saatlerinde Akdeniz Parlamenter Asamblesi Genel Sekreteri Sergio Piazzi ve ona e\u015flik den heyeti kabul etti. B\u00f6lgede g\u00fcndeminin ele al\u0131nd\u0131\u011f\u0131 g\u00f6r\u00fc\u015fmede Suriye&#8217;nin d\u00f6rt y\u0131la a\u015fk\u0131n s\u00fcredir maruz kald\u0131\u011f\u0131 h\u0131r\u00e7\u0131n ter\u00f6r sald\u0131r\u0131lar\u0131 \u00fczerinde odaklan\u0131ld\u0131. Muallim; b\u00f6lgesel ve evrensel kimi devletlerin deste\u011fi ile Suriye&#8217;yi devlet &hellip;<\/p>\n","protected":false},"author":1,"featured_media":31412,"comment_status":"closed","ping_status":"closed","sticky":false,"template":"","format":"standard","meta":{"footnotes":""},"categories":[479,2554,2555,478],"tags":[14182],"class_list":["post-31409","post","type-post","status-publish","format-standard","has-post-thumbnail","","category-haberler-yerel","category-suriye-ve-dunya","category-suriye-ve-turkiye","category-yerel","tag-terorle-mucadelede-asamble-suriye-ile-isbirligine-hazirdir"],"_links":{"self":[{"href":"https:\/\/archive.sana.sy\/tr\/index.php?rest_route=\/wp\/v2\/posts\/31409","targetHints":{"allow":["GET"]}}],"collection":[{"href":"https:\/\/archive.sana.sy\/tr\/index.php?rest_route=\/wp\/v2\/posts"}],"about":[{"href":"https:\/\/archive.sana.sy\/tr\/index.php?rest_route=\/wp\/v2\/types\/post"}],"author":[{"embeddable":true,"href":"https:\/\/archive.sana.sy\/tr\/index.php?rest_route=\/wp\/v2\/users\/1"}],"replies":[{"embeddable":true,"href":"https:\/\/archive.sana.sy\/tr\/index.php?rest_route=%2Fwp%2Fv2%2Fcomments&post=31409"}],"version-history":[{"count":0,"href":"https:\/\/archive.sana.sy\/tr\/index.php?rest_route=\/wp\/v2\/posts\/31409\/revisions"}],"wp:featuredmedia":[{"embeddable":true,"href":"https:\/\/archive.sana.sy\/tr\/index.php?rest_route=\/wp\/v2\/media\/31412"}],"wp:attachment":[{"href":"https:\/\/archive.sana.sy\/tr\/index.php?rest_route=%2Fwp%2Fv2%2Fmedia&parent=31409"}],"wp:term":[{"taxonomy":"category","embeddable":true,"href":"https:\/\/archive.sana.sy\/tr\/index.php?rest_route=%2Fwp%2Fv2%2Fcategories&post=31409"},{"taxonomy":"post_tag","embeddable":true,"href":"https:\/\/archive.sana.sy\/tr\/index.php?rest_route=%2Fwp%2Fv2%2Ftags&post=31409"}],"curies":[{"name":"wp","href":"https:\/\/api.w.org\/{rel}","templated":true}]}}