{"id":314092,"date":"2025-01-19T15:51:02","date_gmt":"2025-01-19T12:51:02","guid":{"rendered":"https:\/\/sana.sy\/tr\/?p=314092"},"modified":"2025-01-19T15:51:39","modified_gmt":"2025-01-19T12:51:39","slug":"su-kaynaklari-bakani-unicef-heyetiyle-suriye-vilayetlerindeki-su-durumunu-ve-bunu-gelistirmenin-yollarini-gorustu","status":"publish","type":"post","link":"https:\/\/archive.sana.sy\/tr\/?p=314092","title":{"rendered":"Su Kaynaklar\u0131 Bakan\u0131, UNICEF Heyetiyle Suriye Vilayetlerindeki Su Durumunu G\u00f6r\u00fc\u015ft\u00fc"},"content":{"rendered":"<p style=\"text-align: justify;\"><span style=\"color: #800000;\"><strong>\u015eAM (SANA)<\/strong> <\/span>&#8211; Ge\u00e7ici h\u00fck\u00fcmetin Su Kaynaklar\u0131 Bakan\u0131 Usame Ebu Zeyd, UNICEF heyetiyle Suriye&#8217;nin t\u00fcm <img loading=\"lazy\" decoding=\"async\" class=\"size-full wp-image-314093 alignright\" src=\"http:\/\/sana.sy\/tr\/wp-content\/uploads\/2025\/01\/55.jpg\" alt=\"\" width=\"300\" height=\"189\" \/>valiliklerindeki su sekt\u00f6r\u00fcn\u00fcn ihtiya\u00e7lar\u0131n\u0131, \u00f6zellikle de i\u00e7me suyu durumunun iyile\u015ftirilmesini g\u00f6r\u00fc\u015ft\u00fc.<\/p>\n<p style=\"text-align: justify;\">Bug\u00fcn Su Kaynaklar\u0131 Bakanl\u0131\u011f\u0131 binas\u0131nda kurulu\u015fun b\u00f6lge m\u00fcd\u00fcr\u00fc Eduardo Beigbeder ile yap\u0131lan toplant\u0131da, Bakan Ebu Zeyd, bakanl\u0131\u011f\u0131n \u00f6zellikle sava\u015ftan etkilenen b\u00f6lgelerde acil m\u00fcdahale sa\u011flamak amac\u0131yla t\u00fcm illerdeki ihtiya\u00e7lar\u0131 de\u011ferlendirmek i\u00e7in \u00e7al\u0131\u015ft\u0131\u011f\u0131n\u0131 belirtti.<\/p>\n<p style=\"text-align: justify;\">Suriye&#8217;ye uygulanan yapt\u0131r\u0131mlar\u0131n yaratt\u0131\u011f\u0131 s\u0131k\u0131nt\u0131lara de\u011finen Bakan, yapt\u0131r\u0131mlar\u0131n su sekt\u00f6r\u00fc ve di\u011fer sekt\u00f6rleri de etkiledi\u011fini, bunlar\u0131n a\u015f\u0131lmas\u0131 i\u00e7in \u00e7al\u0131\u015fmalar yap\u0131ld\u0131\u011f\u0131n\u0131 vurgulad\u0131 \u00a0ve kurulu\u015flar\u0131n\u0131n kar\u015f\u0131 kar\u015f\u0131ya kald\u0131\u011f\u0131 s\u0131k\u0131nt\u0131lar\u0131n ba\u015f\u0131nda, su kaynaklar\u0131n\u0131 besleyen elektrik enerjisi kaynaklar\u0131n\u0131n ciddi anlamda k\u0131tl\u0131\u011f\u0131 ve bunlar\u0131n i\u015fletilmesi i\u00e7in gerekli <img loading=\"lazy\" decoding=\"async\" class=\"size-full wp-image-314094 alignright\" src=\"http:\/\/sana.sy\/tr\/wp-content\/uploads\/2025\/01\/56.jpg\" alt=\"\" width=\"300\" height=\"188\" \/>mekanik ve elektrikli ekipmanlar\u0131n yetersizli\u011finin geldi\u011fini kaydetti.<\/p>\n<p style=\"text-align: justify;\">\u00d6rg\u00fct temsilcileri ise Suriye&#8217;deki su sekt\u00f6r\u00fcne i\u015fbirli\u011fi yapmaya, yard\u0131m etmeye ve destek sa\u011flamaya haz\u0131r olduklar\u0131n\u0131 teyit ederek, destekleyici \u00fclkelerin yard\u0131m\u0131yla yap\u0131lacak \u00e7al\u0131\u015fmalar\u0131n Suriye&#8217;nin su durumunu iyile\u015ftirece\u011fi y\u00f6n\u00fcndeki umutlar\u0131n\u0131 dile getirdiler. \u200f<\/p>\n<p style=\"text-align: justify;\">G\u00f6r\u00fc\u015fmenin ard\u0131ndan Bakan Ebu Zeyd, SANA&#8217;ya yapt\u0131\u011f\u0131 a\u00e7\u0131klamada, \u2018\u2019Suriye&#8217;de i\u00e7me suyu durumunun iyile\u015ftirilmesi, i\u00e7me suyu hizmetlerinin iyile\u015ftirilmesi i\u00e7in gerekli deste\u011fin sa\u011flanmas\u0131, su istasyonlar\u0131n\u0131n altyap\u0131s\u0131n\u0131n iyile\u015ftirilmesi ve geli\u015ftirilmesine y\u00f6nelik \u00e7al\u0131\u015fmalar UNICEF i\u015fbirli\u011fiyle s\u00fcrd\u00fcr\u00fclmektedir\u2019\u2019 diyerek, bakanl\u0131\u011f\u0131n, \u00fclkedeki su durumunun iyile\u015ftirilmesine katk\u0131 sa\u011flayacak \u015fekilde, bu dosyayla ilgilenen t\u00fcm taraflarla i\u015fbirli\u011fi yapmaya haz\u0131r oldu\u011funu ifade etti.<\/p>\n","protected":false},"excerpt":{"rendered":"<p>\u015eAM (SANA) &#8211; Ge\u00e7ici h\u00fck\u00fcmetin Su Kaynaklar\u0131 Bakan\u0131 Usame Ebu Zeyd, UNICEF heyetiyle Suriye&#8217;nin t\u00fcm valiliklerindeki su sekt\u00f6r\u00fcn\u00fcn ihtiya\u00e7lar\u0131n\u0131, \u00f6zellikle de i\u00e7me suyu durumunun iyile\u015ftirilmesini g\u00f6r\u00fc\u015ft\u00fc. Bug\u00fcn Su Kaynaklar\u0131 Bakanl\u0131\u011f\u0131 binas\u0131nda kurulu\u015fun b\u00f6lge m\u00fcd\u00fcr\u00fc Eduardo Beigbeder ile yap\u0131lan toplant\u0131da, Bakan Ebu Zeyd, bakanl\u0131\u011f\u0131n \u00f6zellikle sava\u015ftan etkilenen b\u00f6lgelerde acil m\u00fcdahale sa\u011flamak amac\u0131yla t\u00fcm illerdeki ihtiya\u00e7lar\u0131 de\u011ferlendirmek &hellip;<\/p>\n","protected":false},"author":41,"featured_media":314095,"comment_status":"closed","ping_status":"closed","sticky":false,"template":"","format":"standard","meta":{"footnotes":""},"categories":[589,479,17988,478],"tags":[4122,43198],"class_list":["post-314092","post","type-post","status-publish","format-standard","has-post-thumbnail","","category-haber-seridi","category-haberler-yerel","category-son-haberler","category-yerel","tag-su-kaynaklari-bakani","tag-unicef-heyetiyle-suriye-vilayetlerindeki-su-durumunu-ve-bunu-gelistirmenin-yollarini-gorustu"],"_links":{"self":[{"href":"https:\/\/archive.sana.sy\/tr\/index.php?rest_route=\/wp\/v2\/posts\/314092","targetHints":{"allow":["GET"]}}],"collection":[{"href":"https:\/\/archive.sana.sy\/tr\/index.php?rest_route=\/wp\/v2\/posts"}],"about":[{"href":"https:\/\/archive.sana.sy\/tr\/index.php?rest_route=\/wp\/v2\/types\/post"}],"author":[{"embeddable":true,"href":"https:\/\/archive.sana.sy\/tr\/index.php?rest_route=\/wp\/v2\/users\/41"}],"replies":[{"embeddable":true,"href":"https:\/\/archive.sana.sy\/tr\/index.php?rest_route=%2Fwp%2Fv2%2Fcomments&post=314092"}],"version-history":[{"count":2,"href":"https:\/\/archive.sana.sy\/tr\/index.php?rest_route=\/wp\/v2\/posts\/314092\/revisions"}],"predecessor-version":[{"id":314097,"href":"https:\/\/archive.sana.sy\/tr\/index.php?rest_route=\/wp\/v2\/posts\/314092\/revisions\/314097"}],"wp:featuredmedia":[{"embeddable":true,"href":"https:\/\/archive.sana.sy\/tr\/index.php?rest_route=\/wp\/v2\/media\/314095"}],"wp:attachment":[{"href":"https:\/\/archive.sana.sy\/tr\/index.php?rest_route=%2Fwp%2Fv2%2Fmedia&parent=314092"}],"wp:term":[{"taxonomy":"category","embeddable":true,"href":"https:\/\/archive.sana.sy\/tr\/index.php?rest_route=%2Fwp%2Fv2%2Fcategories&post=314092"},{"taxonomy":"post_tag","embeddable":true,"href":"https:\/\/archive.sana.sy\/tr\/index.php?rest_route=%2Fwp%2Fv2%2Ftags&post=314092"}],"curies":[{"name":"wp","href":"https:\/\/api.w.org\/{rel}","templated":true}]}}