{"id":31414,"date":"2015-04-29T16:23:49","date_gmt":"2015-04-29T13:23:49","guid":{"rendered":"http:\/\/www.sana.sy\/tr\/?p=31414"},"modified":"2015-04-30T15:03:04","modified_gmt":"2015-04-30T12:03:04","slug":"turkiye-menseli-yada-kaynakli-mallara-0-harc-bedeli-odenecek","status":"publish","type":"post","link":"https:\/\/archive.sana.sy\/tr\/?p=31414","title":{"rendered":"T\u00fcrkiye Men\u015feli Yada Kaynakl\u0131 Mallara %30 Har\u00e7 Bedeli \u00d6denecek"},"content":{"rendered":"<p>\u015eAM \u2013 Cumhurba\u015fkan\u0131 Be\u015f\u015far el Esad bug\u00fcn T\u00fcrkiye me\u015feli yada kaynakl\u0131 mallar\u0131n ithalat har\u00e7lar\u0131na ili\u015fkin 2011\/28 nolu karar\u0131n birinci maddesinin yeniden d\u00fczenlenmesini \u00f6ng\u00f6ren 2015\/18 say\u0131l\u0131 yasama karar\u0131n\u0131 onaylad\u0131.<\/p>\n<p>Yeni d\u00fczenleme kapsam\u0131nda T\u00fcrkiye men\u015feli yada kaynakl\u0131 olarak Suriye&#8217;ye ithal edilecek t\u00fcm mallara, de\u011ferinin %30 kadar har\u00e7 \u00f6denmesi \u00f6ng\u00f6r\u00fcl\u00fcyor. Bug\u00fcn resmi gazetede ilan edilmesiyle y\u00fcr\u00fcrl\u00fc\u011fe giren yasama karar\u0131nda ayr\u0131ca bu har\u00e7 de\u011ferinin geli\u015fmekte olan k\u00f6ylerin yeniden yap\u0131lanmas\u0131na destek ama\u00e7l\u0131 kullan\u0131lmas\u0131n\u0131 \u00f6ng\u00f6r\u00fcyor.<\/p>\n","protected":false},"excerpt":{"rendered":"<p>\u015eAM \u2013 Cumhurba\u015fkan\u0131 Be\u015f\u015far el Esad bug\u00fcn T\u00fcrkiye me\u015feli yada kaynakl\u0131 mallar\u0131n ithalat har\u00e7lar\u0131na ili\u015fkin 2011\/28 nolu karar\u0131n birinci maddesinin yeniden d\u00fczenlenmesini \u00f6ng\u00f6ren 2015\/18 say\u0131l\u0131 yasama karar\u0131n\u0131 onaylad\u0131. Yeni d\u00fczenleme kapsam\u0131nda T\u00fcrkiye men\u015feli yada kaynakl\u0131 olarak Suriye&#8217;ye ithal edilecek t\u00fcm mallara, de\u011ferinin %30 kadar har\u00e7 \u00f6denmesi \u00f6ng\u00f6r\u00fcl\u00fcyor. Bug\u00fcn resmi gazetede ilan edilmesiyle y\u00fcr\u00fcrl\u00fc\u011fe giren yasama &hellip;<\/p>\n","protected":false},"author":1,"featured_media":27410,"comment_status":"closed","ping_status":"closed","sticky":false,"template":"","format":"standard","meta":{"footnotes":""},"categories":[479,605,2554,2555,612,599,478],"tags":[14183],"class_list":["post-31414","post","type-post","status-publish","format-standard","has-post-thumbnail","","category-haberler-yerel","category-sayin-cumhurbaskani","category-suriye-ve-dunya","category-suriye-ve-turkiye","category-yasama-kararnameler","category-yasama-ve-kanunlar","category-yerel","tag-turkiye-menseli-yada-kaynakli-mallara-harc-bedeli-odenecek"],"_links":{"self":[{"href":"https:\/\/archive.sana.sy\/tr\/index.php?rest_route=\/wp\/v2\/posts\/31414","targetHints":{"allow":["GET"]}}],"collection":[{"href":"https:\/\/archive.sana.sy\/tr\/index.php?rest_route=\/wp\/v2\/posts"}],"about":[{"href":"https:\/\/archive.sana.sy\/tr\/index.php?rest_route=\/wp\/v2\/types\/post"}],"author":[{"embeddable":true,"href":"https:\/\/archive.sana.sy\/tr\/index.php?rest_route=\/wp\/v2\/users\/1"}],"replies":[{"embeddable":true,"href":"https:\/\/archive.sana.sy\/tr\/index.php?rest_route=%2Fwp%2Fv2%2Fcomments&post=31414"}],"version-history":[{"count":0,"href":"https:\/\/archive.sana.sy\/tr\/index.php?rest_route=\/wp\/v2\/posts\/31414\/revisions"}],"wp:featuredmedia":[{"embeddable":true,"href":"https:\/\/archive.sana.sy\/tr\/index.php?rest_route=\/wp\/v2\/media\/27410"}],"wp:attachment":[{"href":"https:\/\/archive.sana.sy\/tr\/index.php?rest_route=%2Fwp%2Fv2%2Fmedia&parent=31414"}],"wp:term":[{"taxonomy":"category","embeddable":true,"href":"https:\/\/archive.sana.sy\/tr\/index.php?rest_route=%2Fwp%2Fv2%2Fcategories&post=31414"},{"taxonomy":"post_tag","embeddable":true,"href":"https:\/\/archive.sana.sy\/tr\/index.php?rest_route=%2Fwp%2Fv2%2Ftags&post=31414"}],"curies":[{"name":"wp","href":"https:\/\/api.w.org\/{rel}","templated":true}]}}