{"id":31419,"date":"2015-04-29T17:10:52","date_gmt":"2015-04-29T14:10:52","guid":{"rendered":"http:\/\/www.sana.sy\/tr\/?p=31419"},"modified":"2015-04-29T17:11:27","modified_gmt":"2015-04-29T14:11:27","slug":"31419","status":"publish","type":"post","link":"https:\/\/archive.sana.sy\/tr\/?p=31419","title":{"rendered":"Hava Bombard\u0131manlar\u0131nda I\u015e\u0130D\u2019li 146 Ter\u00f6rist \u00d6ld\u00fcr\u00fcld\u00fc"},"content":{"rendered":"<p>BA\u011eDAT \u2013 Irak g\u00fc\u00e7leri bug\u00fcn Kerk\u00fck, Nenavo ve Enbar illerinde I\u015e\u0130D mevkilerini hava bombard\u0131manlar\u0131yla hedef almas\u0131yla I\u015e\u0130D\u2019li 146 ter\u00f6risti \u00f6ld\u00fcrd\u00fc.<\/p>\n<p>Ortak Operasyonlar Komuta S\u00f6zc\u00fcs\u00fc bug\u00fcn SANA\u2019n\u0131n Ba\u011fdat\u2019taki muhabirine yapt\u0131\u011f\u0131 a\u00e7\u0131klamada; \u0131rak sava\u015f u\u00e7aklar\u0131n\u0131n s\u00f6z konusu illerde I\u015e\u0130D\u2019in en b\u00fcy\u00fck mevkilerine 36 sorti ger\u00e7ekle\u015ftirdi\u011fini s\u00f6yledi.<\/p>\n<p>Hava bombard\u0131manlar\u0131nda 4 ana karargah\u0131n muhtevalar\u0131yla imha edildi\u011fini s\u00f6yleyen s\u00f6zc\u00fc, aralar\u0131nda Suudililerin bulundu\u011fu 71 ter\u00f6ristin \u00f6ld\u00fcr\u00fcld\u00fc\u011f\u00fcn\u00fc ifade etti. S\u00f6zc\u00fc ayn\u0131 zamanda a\u011f\u0131r silahlarla donat\u0131lm\u0131\u015f 23 ara\u00e7 ve bir kamyonun da imha edildi\u011fini s\u00f6zlerine ekledi.<\/p>\n<p>A.A. &#8211; M.M.<\/p>\n","protected":false},"excerpt":{"rendered":"<p>BA\u011eDAT \u2013 Irak g\u00fc\u00e7leri bug\u00fcn Kerk\u00fck, Nenavo ve Enbar illerinde I\u015e\u0130D mevkilerini hava bombard\u0131manlar\u0131yla hedef almas\u0131yla I\u015e\u0130D\u2019li 146 ter\u00f6risti \u00f6ld\u00fcrd\u00fc. Ortak Operasyonlar Komuta S\u00f6zc\u00fcs\u00fc bug\u00fcn SANA\u2019n\u0131n Ba\u011fdat\u2019taki muhabirine yapt\u0131\u011f\u0131 a\u00e7\u0131klamada; \u0131rak sava\u015f u\u00e7aklar\u0131n\u0131n s\u00f6z konusu illerde I\u015e\u0130D\u2019in en b\u00fcy\u00fck mevkilerine 36 sorti ger\u00e7ekle\u015ftirdi\u011fini s\u00f6yledi. Hava bombard\u0131manlar\u0131nda 4 ana karargah\u0131n muhtevalar\u0131yla imha edildi\u011fini s\u00f6yleyen s\u00f6zc\u00fc, aralar\u0131nda &hellip;<\/p>\n","protected":false},"author":1,"featured_media":31420,"comment_status":"closed","ping_status":"closed","sticky":false,"template":"","format":"standard","meta":{"footnotes":""},"categories":[458,459,447],"tags":[14185],"class_list":["post-31419","post","type-post","status-publish","format-standard","has-post-thumbnail","","category-dunya1","category-haberler-arap-uluslararasi-politika","category-politika","tag-hava-bombardimanlarinda-isidli-146-terorist-olduruldu"],"_links":{"self":[{"href":"https:\/\/archive.sana.sy\/tr\/index.php?rest_route=\/wp\/v2\/posts\/31419","targetHints":{"allow":["GET"]}}],"collection":[{"href":"https:\/\/archive.sana.sy\/tr\/index.php?rest_route=\/wp\/v2\/posts"}],"about":[{"href":"https:\/\/archive.sana.sy\/tr\/index.php?rest_route=\/wp\/v2\/types\/post"}],"author":[{"embeddable":true,"href":"https:\/\/archive.sana.sy\/tr\/index.php?rest_route=\/wp\/v2\/users\/1"}],"replies":[{"embeddable":true,"href":"https:\/\/archive.sana.sy\/tr\/index.php?rest_route=%2Fwp%2Fv2%2Fcomments&post=31419"}],"version-history":[{"count":0,"href":"https:\/\/archive.sana.sy\/tr\/index.php?rest_route=\/wp\/v2\/posts\/31419\/revisions"}],"wp:featuredmedia":[{"embeddable":true,"href":"https:\/\/archive.sana.sy\/tr\/index.php?rest_route=\/wp\/v2\/media\/31420"}],"wp:attachment":[{"href":"https:\/\/archive.sana.sy\/tr\/index.php?rest_route=%2Fwp%2Fv2%2Fmedia&parent=31419"}],"wp:term":[{"taxonomy":"category","embeddable":true,"href":"https:\/\/archive.sana.sy\/tr\/index.php?rest_route=%2Fwp%2Fv2%2Fcategories&post=31419"},{"taxonomy":"post_tag","embeddable":true,"href":"https:\/\/archive.sana.sy\/tr\/index.php?rest_route=%2Fwp%2Fv2%2Ftags&post=31419"}],"curies":[{"name":"wp","href":"https:\/\/api.w.org\/{rel}","templated":true}]}}