{"id":31424,"date":"2015-04-29T21:04:22","date_gmt":"2015-04-29T18:04:22","guid":{"rendered":"http:\/\/www.sana.sy\/tr\/?p=31424"},"modified":"2015-04-30T15:02:20","modified_gmt":"2015-04-30T12:02:20","slug":"geneli-yabancilardan-olusan-tekfirciler-arac-ve-cephaneleriyle-etkisizlestiriliyor","status":"publish","type":"post","link":"https:\/\/archive.sana.sy\/tr\/?p=31424","title":{"rendered":"Geneli Yabanc\u0131lardan Olu\u015fan Tekfirciler Ara\u00e7 ve Cephaneleriyle Etkisizle\u015ftiriliyor"},"content":{"rendered":"<p>\u0130LLER \u2013 Ordu birliklerimiz bug\u00fcn kimi devletlerin d\u00fcnyan\u0131n her yerinden toplay\u0131p e\u011fitmeleri ve modern silahlarla donatmalar\u0131 ard\u0131ndan Suriye&#8217;ye g\u00f6nderdikleri ter\u00f6r \u00e7etelere kar\u015f\u0131 operasyonlar\u0131n\u0131 s\u00fcrd\u00fcrerek say\u0131 ve ara\u00e7lar\u0131yla bu \u00e7eteleri b\u00fcy\u00fck kay\u0131plara u\u011fratmaya devam etti.<\/p>\n<p><span style=\"color: #0000ff\">\u0130dlib K\u0131rsal\u0131nda Erdo\u011fan\u2019\u0131n Tekfirci \u00c7etelerinden Onlarcas\u0131 \u00d6ld\u00fcr\u00fcld\u00fc<\/span><\/p>\n<p>Askeri kaynak ordu birliklerimizin \u0130dlib iline tabi Cisre\u015f\u015fu\u011fur Kasabas\u0131n\u0131n g\u00fcney giri\u015fine ilaveten kasabadaki devlet hastanesi civar\u0131nda nitelikli operasyonlarda bulunduklar\u0131n\u0131 belirtti. Kaynak operasyonlarda olduk\u00e7a y\u00fcksek say\u0131da ter\u00f6ristin a\u011f\u0131r silahlar\u0131yla birlikte etkisizle\u015ftirildiklerini aktard\u0131.<\/p>\n<p>Ordu birliklerimiz Cisre\u015f\u015fu\u011fur k\u0131rsal\u0131n\u0131n Bizzeyt \u2013 M\u015feyrfe ekseninde Nusra Cephesi ve daha ba\u015fka ter\u00f6r \u00f6rg\u00fctlerin birle\u015fimiyle te\u015fkil edilen \u2018Fetih Ordusu\u2019 adl\u0131 ter\u00f6r \u00e7etelerin ara\u00e7 konvoylar\u0131n\u0131 da nitelikli bir operasyonla hedef ald\u0131. Operasyonda konvoyda ter\u00f6rist ve cephane ta\u015f\u0131yan bir\u00e7ok arac\u0131n y\u00fckleriyle birlikte imha edilmeleriyle olduk\u00e7a y\u00fcksek say\u0131da tekfircinin \u00f6ld\u00fcr\u00fcld\u00fc\u011f\u00fc bildirildi.<\/p>\n<p>Askeri kaynak; ordu birliklerimizin \u0130dlib k\u0131rsal\u0131 Cisre\u015f\u015fu\u011fur ve Be\u015flamun b\u00f6lgeleri aralar\u0131nda ter\u00f6ristlere ait bir ara\u00e7 konvoyunu imha edip onlarca ter\u00f6risti \u00f6l\u00fc ve yaral\u0131 d\u00fc\u015f\u00fcrd\u00fcklerini aktard\u0131.<\/p>\n<p><span style=\"color: #0000ff\">\u015eam K\u0131rsal\u0131nda Ter\u00f6ristlerin Mevkileri Hedef Al\u0131nd\u0131 <\/span><\/p>\n<p>Askeri kaynak; ordu birliklerimizin \u015eam k\u0131rsal\u0131 Sasa Beldesinin kuzeyine d\u00fc\u015fen Hezreciye \u00e7iftlikleri ve Ayn el Bostan K\u00f6y\u00fcnde ter\u00f6ristlerin yuva ve k\u00fcmelenme yerlerini hedef almalar\u0131yla \u00e7ok say\u0131da ter\u00f6risti \u00f6l\u00fc ve yaral\u0131 d\u00fc\u015f\u00fcr\u00fcp silah ve m\u00fchimmatlar\u0131n\u0131 da imha ettiklerini ifade etti.<\/p>\n<p>Ordu birliklerimizin Han el \u015e\u0131yh B\u00f6lgesinin Hav\u015f Abbase\u2019de Nusra Cephesine ait karargahlar\u0131n\u0131 imha ettiklerini aktaran kaynak; \u00e7ok say\u0131da ter\u00f6risti \u00f6l\u00fc ve yaral\u0131 d\u00fc\u015f\u00fcr\u00fcp havzalar\u0131nda bulunan silah ve m\u00fchimmatlar\u0131n\u0131 da etkisizle\u015ftirdiklerini s\u00f6zlerine ekledi.<\/p>\n<p><span style=\"color: #0000ff\">Dera\u2019da Nusral\u0131 Onlarca Ter\u00f6rist \u00d6ld\u00fcr\u00fcld\u00fc<\/span><\/p>\n<p>Ordu birliklerimiz Dera k\u0131rsal\u0131nda \u0130srail ve \u00dcrd\u00fcn taraf\u0131ndan askeri ve lojistik destek alan Nusra Cephesi ve di\u011fer ter\u00f6r \u00e7etelere y\u00f6nelik operasyonlar\u0131n\u0131 s\u00fcrd\u00fcr\u00fcyor.<\/p>\n<p>Dera k\u0131rsal\u0131n\u0131n do\u011fusu Nuayme Beldesinde Kaide \u00d6rg\u00fct\u00fcn\u00fcn Suriye kolu Nusra Cephesi mevkilerini hedef alan ordu birliklerimiz, aralar\u0131nda yabanc\u0131lar\u0131n bulundu\u011fu onlarca ter\u00f6risti \u00f6ld\u00fcrd\u00fc. Operasyonlarda tekfirci \u00e7etelere ait bir k\u0131sm\u0131 a\u011f\u0131r silahlarla donat\u0131lm\u0131\u015f bir\u00e7ok arac\u0131n da imha edildi\u011fi kaydedildi.<\/p>\n<p>Bu arada ordu birliklerimiz Dera Beled\u2019te Nusra Cephesi ve di\u011fer \u00f6rg\u00fctlere ait toplanma yerleri ve mevkilerini hedef almalar\u0131yla \u00e7ok say\u0131da ter\u00f6risti \u00f6l\u00fc ve yaral\u0131 d\u00fc\u015f\u00fcr\u00fcp havzalar\u0131nda bulunan silah ve m\u00fchimmatlar\u0131 imha etti.<\/p>\n<p>Ordu birliklerimiz Dera k\u0131rsal\u0131n\u0131n kuzeyi Kefar \u015eems, Semlin ve Zemrin beldelerinde \u2018Ciydor Horan T\u00fcmeni\u2019 ve \u2018Hamza Esadullah T\u00fcmeni\u2019 adl\u0131 ter\u00f6r \u00e7etelerin siper ve karargahlar\u0131n\u0131 hedef ald\u0131. Operasyonlarda \u00e7ok say\u0131da ter\u00f6rist \u00f6l\u00fc ve yaral\u0131 d\u00fc\u015f\u00fcr\u00fcl\u00fcp silah depolar\u0131 imha edildi.<\/p>\n<p>Ordu birliklerimiz ayn\u0131 zamanda Dera k\u0131rsal\u0131n\u0131n kuzeydo\u011fusu Hrak ve Busr el Harir beldelerinde Nusra Cephesi ve di\u011fer \u00f6rg\u00fctlerin toplanma yerleri ve mevkilerini hedef al\u0131rken \u00e7ok say\u0131da ter\u00f6risti silahlar\u0131yla birlikte imha etti.<\/p>\n<p><span style=\"color: #0000ff\">Halep ve K\u0131rsal\u0131nda Nusra Cephesi ve Di\u011fer \u00d6rg\u00fctlere Ait Ara\u00e7 ve Cephane \u0130mha Edildi <\/span><\/p>\n<p>Halep Kentinde ise askeri kaynak; ordu birliklerimizin Kellase, Bostan el Kasr, Beni Zeyd, E\u015frefiye, Eski Halep, Hanano, Sahur, Bab el Hadid, Selahattin,\u00c2miriye ve Leyramun semtlerinde T\u00fcrkiye rejiminden destek alan Nusra Cephesi ve di\u011fer \u00f6rg\u00fctlerin siper ve k\u00fcmelenme yerlerini hedef ald\u0131klar\u0131n\u0131 aktard\u0131. Kaynak; operasyonlarda y\u00fcksek say\u0131da ter\u00f6ristin \u00f6l\u00fc ve yaral\u0131 d\u00fc\u015f\u00fcr\u00fcl\u00fcp su\u00e7 edatlar\u0131n\u0131n da imha edildi\u011fini s\u00f6yledi.<\/p>\n<p>Kaynak; Halep k\u0131rsal\u0131n\u0131n kuzeyi el Mellah \u00e7iftlikleri, Tel Refat, Han el Asel ve Kefar Anton b\u00f6lgelerinde T\u00fcrkiye\u2019den gelen ter\u00f6ristlerin destek hatlar\u0131n\u0131 hedef alarak \u00e7ok say\u0131da ter\u00f6risti \u00f6l\u00fc ve yaral\u0131 d\u00fc\u015f\u00fcr\u00fcp ter\u00f6r ekipmanlar\u0131n\u0131 da imha ettiklerini s\u00f6zlerine ekledi.<\/p>\n<p>\u00d6te yandan Halep k\u0131rsal\u0131n\u0131n bat\u0131s\u0131 Kefar Naha K\u00f6y\u00fc ve Atarib Beldesinde Nusra Cephesi ve di\u011fer radikal \u00f6rg\u00fctlerin yuva ve karargahlar\u0131na kar\u015f\u0131 nitelikli operasyonlar\u0131n\u0131 s\u00fcrd\u00fcren ordu birliklerimiz buralarda da \u00e7ok say\u0131da ter\u00f6risti \u00f6l\u00fc ve yaral\u0131 d\u00fc\u015f\u00fcr\u00fcp muhtelif t\u00fcr taramal\u0131 silahlarla donat\u0131lm\u0131\u015f ara\u00e7lar\u0131n\u0131 imha etti.<\/p>\n<p>Ordu birliklerimiz Halep k\u0131rsal\u0131n\u0131n g\u00fcneyi Abtin K\u00f6y\u00fcnde bir k\u0131sm\u0131 a\u011f\u0131r makineli silahlarla donat\u0131lm\u0131\u015f bir\u00e7ok arac\u0131 muhtevalar\u0131yla birlikte imha etti.<\/p>\n<p><span style=\"color: #0000ff\">Haseke K\u0131rsal\u0131nda I\u015e\u0130D\u2019li Ter\u00f6ristler \u00d6ld\u00fcr\u00fcld\u00fc<\/span><\/p>\n<p>Haseke k\u0131rsal\u0131n\u0131n g\u00fcneydo\u011fusunda ise ordu birliklerimiz Red \u015eakra yol ay\u0131r\u0131m\u0131 yak\u0131nlar\u0131nda I\u015e\u0130D\u2019li bir\u00e7ok ter\u00f6risti etkisiz olarak ele ge\u00e7irdi.\u00a0Operasyonlarda bir k\u0131sm\u0131 a\u011f\u0131r makineli silahla donat\u0131lm\u0131\u015f ara\u00e7lara ilaveten cephane ve silahlar\u0131n imha edildi.<\/p>\n<p><span style=\"color: #0000ff\">Kunaytra K\u0131rsal\u0131nda \u00c7ok Say\u0131da Ter\u00f6rist \u00d6l\u00fc ve Yaral\u0131 D\u00fc\u015f\u00fcr\u00fcld\u00fc <\/span><\/p>\n<p>Askeri kaynak; ordu birliklerimizin Kunaytra k\u0131rsal\u0131n\u0131n bat\u0131s\u0131 ve g\u00fcneyi el Hamidiye ve Rasm el \u015eule k\u00f6ylerinde ter\u00f6r \u00f6rg\u00fctlerin i\u015fgal alt\u0131ndaki topraklardan gelen destek hatlar\u0131n\u0131 imha ettiklerini ifade etti. Kaynak; operasyonlarda \u00e7ok say\u0131da ter\u00f6ristin \u00f6l\u00fc ve yaral\u0131 d\u00fc\u015f\u00fcr\u00fcl\u00fcp ara\u00e7 ve silahlar\u0131n\u0131n imha edildi\u011fine dikkat \u00e7ekti.<\/p>\n<p>Ordu birliklerimizin Kunaytra k\u0131rsal\u0131 ana meydan\u0131n civar\u0131nda \u2018Seyf el \u0130slam T\u00fcmenleri\u2019 ve \u2018Furkan T\u00fcmeni\u2019 adl\u0131 ter\u00f6r \u00e7eteleriyle \u00e7at\u0131\u015fmaya girdirdiklerini aktaran kaynak; ter\u00f6ristleri say\u0131 ve te\u00e7hizatlar\u0131yla a\u011f\u0131r kay\u0131plara u\u011fratt\u0131klar\u0131n\u0131 s\u00f6yledi.<\/p>\n<p>Ter\u00f6r \u00e7eteleri medya ara\u00e7lar\u0131nda aralar\u0131nda Nusra Cephesinde Saha Komutan\u0131 \u2018Ebu Farah el \u015eahil\u2019 kod ad\u0131yla bilinen az\u0131l\u0131 tekfircinin bulundu\u011fu onlarca ter\u00f6ristin \u00f6ld\u00fcr\u00fcld\u00fc\u011f\u00fcn\u00fc itiraf etti.<\/p>\n<p><span style=\"color: #0000ff\">Homs K\u0131rsal\u0131nda Ter\u00f6ristleri A\u011f\u0131r Kay\u0131plara U\u011frat\u0131ld\u0131<\/span><\/p>\n<p>Askeri kaynak; ordu birliklerimizin Homs k\u0131rsal\u0131n\u0131n do\u011fusu Cub el Cerrah B\u00f6lgesine d\u00fc\u015fen Unk el Hava ve el Mezbl k\u00f6ylerinde I\u015e\u0130D \u00e7etelerinden \u00e7ok say\u0131da ter\u00f6risti \u00f6l\u00fc d\u00fc\u015f\u00fcrmelerine e\u015f zamanl\u0131 olarak Kuzey M\u015feyrfe K\u00f6y\u00fcnde ter\u00f6ristlere ait bir karargah\u0131 muhtevalar\u0131yla birlikte imha ettiklerini belirtti.<\/p>\n<p>Kaynak; ordu birliklerimizin Homs k\u0131rsal\u0131n\u0131n kuzeyi Telbise B\u00f6lgesine d\u00fc\u015fen \u011eanto K\u00f6y\u00fcnde Nusra Cephesinin mevkilerini hedef alarak makineli bir topu ekibiyle birlikte imha ettiklerine dikkat \u00e7ekti.<\/p>\n<p>M.M. &#8211; A.A.<\/p>\n","protected":false},"excerpt":{"rendered":"<p>\u0130LLER \u2013 Ordu birliklerimiz bug\u00fcn kimi devletlerin d\u00fcnyan\u0131n her yerinden toplay\u0131p e\u011fitmeleri ve modern silahlarla donatmalar\u0131 ard\u0131ndan Suriye&#8217;ye g\u00f6nderdikleri ter\u00f6r \u00e7etelere kar\u015f\u0131 operasyonlar\u0131n\u0131 s\u00fcrd\u00fcrerek say\u0131 ve ara\u00e7lar\u0131yla bu \u00e7eteleri b\u00fcy\u00fck kay\u0131plara u\u011fratmaya devam etti. \u0130dlib K\u0131rsal\u0131nda Erdo\u011fan\u2019\u0131n Tekfirci \u00c7etelerinden Onlarcas\u0131 \u00d6ld\u00fcr\u00fcld\u00fc Askeri kaynak ordu birliklerimizin \u0130dlib iline tabi Cisre\u015f\u015fu\u011fur Kasabas\u0131n\u0131n g\u00fcney giri\u015fine ilaveten kasabadaki devlet &hellip;<\/p>\n","protected":false},"author":1,"featured_media":31426,"comment_status":"closed","ping_status":"closed","sticky":false,"template":"","format":"standard","meta":{"footnotes":""},"categories":[575],"tags":[14186],"class_list":["post-31424","post","type-post","status-publish","format-standard","has-post-thumbnail","","category-olaylar-ve-gercekler","tag-geneli-yabancilardan-olusan-tekfirciler-arac-ve-cephaneleriyle-etkisizlestiriliyor"],"_links":{"self":[{"href":"https:\/\/archive.sana.sy\/tr\/index.php?rest_route=\/wp\/v2\/posts\/31424","targetHints":{"allow":["GET"]}}],"collection":[{"href":"https:\/\/archive.sana.sy\/tr\/index.php?rest_route=\/wp\/v2\/posts"}],"about":[{"href":"https:\/\/archive.sana.sy\/tr\/index.php?rest_route=\/wp\/v2\/types\/post"}],"author":[{"embeddable":true,"href":"https:\/\/archive.sana.sy\/tr\/index.php?rest_route=\/wp\/v2\/users\/1"}],"replies":[{"embeddable":true,"href":"https:\/\/archive.sana.sy\/tr\/index.php?rest_route=%2Fwp%2Fv2%2Fcomments&post=31424"}],"version-history":[{"count":0,"href":"https:\/\/archive.sana.sy\/tr\/index.php?rest_route=\/wp\/v2\/posts\/31424\/revisions"}],"wp:featuredmedia":[{"embeddable":true,"href":"https:\/\/archive.sana.sy\/tr\/index.php?rest_route=\/wp\/v2\/media\/31426"}],"wp:attachment":[{"href":"https:\/\/archive.sana.sy\/tr\/index.php?rest_route=%2Fwp%2Fv2%2Fmedia&parent=31424"}],"wp:term":[{"taxonomy":"category","embeddable":true,"href":"https:\/\/archive.sana.sy\/tr\/index.php?rest_route=%2Fwp%2Fv2%2Fcategories&post=31424"},{"taxonomy":"post_tag","embeddable":true,"href":"https:\/\/archive.sana.sy\/tr\/index.php?rest_route=%2Fwp%2Fv2%2Ftags&post=31424"}],"curies":[{"name":"wp","href":"https:\/\/api.w.org\/{rel}","templated":true}]}}