{"id":31428,"date":"2015-04-29T19:27:08","date_gmt":"2015-04-29T16:27:08","guid":{"rendered":"http:\/\/www.sana.sy\/tr\/?p=31428"},"modified":"2015-04-29T19:27:08","modified_gmt":"2015-04-29T16:27:08","slug":"hassun-abd-ve-avrupa-suriyede-bulunan-teror-orgutlerine-kucak-acmaya-son-vermelidir","status":"publish","type":"post","link":"https:\/\/archive.sana.sy\/tr\/?p=31428","title":{"rendered":"Hassun: ABD ve Avrupa Suriye&#8217;de Bulunan Ter\u00f6r \u00d6rg\u00fctlerine Kucak A\u00e7maya Son Vermelidir"},"content":{"rendered":"<p>\u015eAM \u2013 Cumhuriyet M\u00fcft\u00fcs\u00fc Ahmet Bedrettin Hassun ABD ve Avrupa\u2019n\u0131n, Suriye halk\u0131na kar\u015f\u0131 katliamlar d\u00fczenleyen silahl\u0131 ter\u00f6r \u00f6rg\u00fctlerine kucak a\u00e7maya ve onlar\u0131 desteklemeye son vermesi gerekti\u011fini ifade etti.<\/p>\n<p><a href=\"http:\/\/www.sana.sy\/tr\/wp-content\/uploads\/2015\/04\/Hasson.JPG-11.jpg\"><img loading=\"lazy\" decoding=\"async\" class=\"alignright wp-image-31430 size-medium\" src=\"http:\/\/www.sana.sy\/tr\/wp-content\/uploads\/2015\/04\/Hasson.JPG-11-300x201.jpg\" alt=\"Hasson.JPG 1\" width=\"300\" height=\"201\" srcset=\"https:\/\/archive.sana.sy\/tr\/wp-content\/uploads\/2015\/04\/Hasson.JPG-11-300x201.jpg 300w, https:\/\/archive.sana.sy\/tr\/wp-content\/uploads\/2015\/04\/Hasson.JPG-11-150x100.jpg 150w, https:\/\/archive.sana.sy\/tr\/wp-content\/uploads\/2015\/04\/Hasson.JPG-11-1024x685.jpg 1024w\" sizes=\"auto, (max-width: 300px) 100vw, 300px\" \/><\/a>\u0130svi\u00e7re\u2019de ya\u015fayan ve anavatanlar\u0131n\u0131 ziyaret etmekte olan Suriyeli gurbet\u00e7i ayd\u0131n ve gazetecilerle \u015eam\u2019da bir araya gelen Hassun, Suriye halk\u0131n\u0131n ter\u00f6re kar\u015f\u0131 zaferinin ka\u00e7\u0131n\u0131lmaz oldu\u011funa dikkat \u00e7ekerek ter\u00f6r ve destek\u00e7ilerinin hi\u00e7bir ko\u015fulda Suriye halk\u0131na ve kahraman ordusuna diz \u00e7\u00f6kt\u00fcremeyece\u011finin alt\u0131n\u0131 \u00e7izdi.<\/p>\n<p>Gurbet\u00e7i heyete burada tan\u0131k olduklar\u0131 ger\u00e7ekleri \u0130svi\u00e7re ve d\u00fcnya kamuoyuna ta\u015f\u0131ma \u00e7a\u011fr\u0131s\u0131nda bulunan Hassun, dezenformasyon medya ara\u00e7lar\u0131n\u0131n Suriye&#8217;de i\u015flenen ter\u00f6r su\u00e7lar\u0131n\u0131 me\u015frula\u015ft\u0131rma \u00e7abas\u0131nda olduklar\u0131n\u0131 vurgulad\u0131.<\/p>\n<p>\u00d6te yandan anavatanlar\u0131nda bulunmaktan duyduklar\u0131 mutlulu\u011fu dile getiren gurbet\u00e7iler, burada tan\u0131k olduklar\u0131 ger\u00e7eklerin t\u00fcm\u00fcn\u00fc \u0130svi\u00e7re kamuoyuna ta\u015f\u0131yacaklar\u0131n\u0131n alt\u0131n\u0131 \u00e7izdiler.<\/p>\n<p>F.B. &#8211; M.M.<\/p>\n","protected":false},"excerpt":{"rendered":"<p>\u015eAM \u2013 Cumhuriyet M\u00fcft\u00fcs\u00fc Ahmet Bedrettin Hassun ABD ve Avrupa\u2019n\u0131n, Suriye halk\u0131na kar\u015f\u0131 katliamlar d\u00fczenleyen silahl\u0131 ter\u00f6r \u00f6rg\u00fctlerine kucak a\u00e7maya ve onlar\u0131 desteklemeye son vermesi gerekti\u011fini ifade etti. \u0130svi\u00e7re\u2019de ya\u015fayan ve anavatanlar\u0131n\u0131 ziyaret etmekte olan Suriyeli gurbet\u00e7i ayd\u0131n ve gazetecilerle \u015eam\u2019da bir araya gelen Hassun, Suriye halk\u0131n\u0131n ter\u00f6re kar\u015f\u0131 zaferinin ka\u00e7\u0131n\u0131lmaz oldu\u011funa dikkat \u00e7ekerek ter\u00f6r &hellip;<\/p>\n","protected":false},"author":1,"featured_media":31429,"comment_status":"closed","ping_status":"closed","sticky":false,"template":"","format":"standard","meta":{"footnotes":""},"categories":[479,478],"tags":[14187,14188,14189],"class_list":["post-31428","post","type-post","status-publish","format-standard","has-post-thumbnail","","category-haberler-yerel","category-yerel","tag-hassun-abd-ve-avrupa-suriyede-bulunan-teror-orgutlerine-kucak-acmaya-son-vermelidir","tag-sam-cumhuriyet-muftusu-ahmet-bedrettin-hassun-abd-ve-avrupanin","tag-suriye-halkina-karsi-katliamlar-duzenleyen-silahli-teror-orgutlerine-kucak-acmaya-ve-onlari-desteklemeye-son-vermesi-gerektigini-ifade-etti"],"_links":{"self":[{"href":"https:\/\/archive.sana.sy\/tr\/index.php?rest_route=\/wp\/v2\/posts\/31428","targetHints":{"allow":["GET"]}}],"collection":[{"href":"https:\/\/archive.sana.sy\/tr\/index.php?rest_route=\/wp\/v2\/posts"}],"about":[{"href":"https:\/\/archive.sana.sy\/tr\/index.php?rest_route=\/wp\/v2\/types\/post"}],"author":[{"embeddable":true,"href":"https:\/\/archive.sana.sy\/tr\/index.php?rest_route=\/wp\/v2\/users\/1"}],"replies":[{"embeddable":true,"href":"https:\/\/archive.sana.sy\/tr\/index.php?rest_route=%2Fwp%2Fv2%2Fcomments&post=31428"}],"version-history":[{"count":0,"href":"https:\/\/archive.sana.sy\/tr\/index.php?rest_route=\/wp\/v2\/posts\/31428\/revisions"}],"wp:featuredmedia":[{"embeddable":true,"href":"https:\/\/archive.sana.sy\/tr\/index.php?rest_route=\/wp\/v2\/media\/31429"}],"wp:attachment":[{"href":"https:\/\/archive.sana.sy\/tr\/index.php?rest_route=%2Fwp%2Fv2%2Fmedia&parent=31428"}],"wp:term":[{"taxonomy":"category","embeddable":true,"href":"https:\/\/archive.sana.sy\/tr\/index.php?rest_route=%2Fwp%2Fv2%2Fcategories&post=31428"},{"taxonomy":"post_tag","embeddable":true,"href":"https:\/\/archive.sana.sy\/tr\/index.php?rest_route=%2Fwp%2Fv2%2Ftags&post=31428"}],"curies":[{"name":"wp","href":"https:\/\/api.w.org\/{rel}","templated":true}]}}