{"id":31434,"date":"2015-04-29T20:27:18","date_gmt":"2015-04-29T17:27:18","guid":{"rendered":"http:\/\/www.sana.sy\/tr\/?p=31434"},"modified":"2015-04-29T20:27:18","modified_gmt":"2015-04-29T17:27:18","slug":"haseke-kirsalinda-20-bomba-duzenegi-etkisizlestirildi","status":"publish","type":"post","link":"https:\/\/archive.sana.sy\/tr\/?p=31434","title":{"rendered":"Haseke K\u0131rsal\u0131nda 20 Bomba D\u00fczene\u011fi Etkisizle\u015ftirildi"},"content":{"rendered":"<p>HASEKE \u2013 Haseke Valili\u011finde bir kaynak; ordu birliklerimize tabi bomba imha ekiplerinin I\u015e\u0130D\u2019li ter\u00f6ristlerin Haseke k\u0131rsal\u0131n\u0131n g\u00fcneybat\u0131s\u0131 Mezarl\u0131k K\u00f6y\u00fcnde yollara ve sivil vatanda\u015flar\u0131n evlerine yerle\u015ftirdikleri 20 adet bomba d\u00fczene\u011fini etkisizle\u015ftirdiklerini ifade etti.<\/p>\n<p>Kaynak; I\u015e\u0130D\u2019in sivil ve masum insanlar \u00f6ld\u00fcrmek \u00fczere yerle\u015ftirdikleri bombalar\u0131n her birinin yakla\u015f\u0131k 50 kg a\u011f\u0131rl\u0131\u011f\u0131nda olduklar\u0131n\u0131 belirtti.<\/p>\n<p>&nbsp;<\/p>\n<p>M.M. &#8211; A.A.<\/p>\n<p>&nbsp;<\/p>\n","protected":false},"excerpt":{"rendered":"<p>HASEKE \u2013 Haseke Valili\u011finde bir kaynak; ordu birliklerimize tabi bomba imha ekiplerinin I\u015e\u0130D\u2019li ter\u00f6ristlerin Haseke k\u0131rsal\u0131n\u0131n g\u00fcneybat\u0131s\u0131 Mezarl\u0131k K\u00f6y\u00fcnde yollara ve sivil vatanda\u015flar\u0131n evlerine yerle\u015ftirdikleri 20 adet bomba d\u00fczene\u011fini etkisizle\u015ftirdiklerini ifade etti. Kaynak; I\u015e\u0130D\u2019in sivil ve masum insanlar \u00f6ld\u00fcrmek \u00fczere yerle\u015ftirdikleri bombalar\u0131n her birinin yakla\u015f\u0131k 50 kg a\u011f\u0131rl\u0131\u011f\u0131nda olduklar\u0131n\u0131 belirtti. &nbsp; M.M. &#8211; A.A. &nbsp;<\/p>\n","protected":false},"author":1,"featured_media":31436,"comment_status":"closed","ping_status":"closed","sticky":false,"template":"","format":"standard","meta":{"footnotes":""},"categories":[479,575,478],"tags":[14190],"class_list":["post-31434","post","type-post","status-publish","format-standard","has-post-thumbnail","","category-haberler-yerel","category-olaylar-ve-gercekler","category-yerel","tag-haseke-kirsalinda-20-bomba-duzenegi-etkisizlestirildi"],"_links":{"self":[{"href":"https:\/\/archive.sana.sy\/tr\/index.php?rest_route=\/wp\/v2\/posts\/31434","targetHints":{"allow":["GET"]}}],"collection":[{"href":"https:\/\/archive.sana.sy\/tr\/index.php?rest_route=\/wp\/v2\/posts"}],"about":[{"href":"https:\/\/archive.sana.sy\/tr\/index.php?rest_route=\/wp\/v2\/types\/post"}],"author":[{"embeddable":true,"href":"https:\/\/archive.sana.sy\/tr\/index.php?rest_route=\/wp\/v2\/users\/1"}],"replies":[{"embeddable":true,"href":"https:\/\/archive.sana.sy\/tr\/index.php?rest_route=%2Fwp%2Fv2%2Fcomments&post=31434"}],"version-history":[{"count":0,"href":"https:\/\/archive.sana.sy\/tr\/index.php?rest_route=\/wp\/v2\/posts\/31434\/revisions"}],"wp:featuredmedia":[{"embeddable":true,"href":"https:\/\/archive.sana.sy\/tr\/index.php?rest_route=\/wp\/v2\/media\/31436"}],"wp:attachment":[{"href":"https:\/\/archive.sana.sy\/tr\/index.php?rest_route=%2Fwp%2Fv2%2Fmedia&parent=31434"}],"wp:term":[{"taxonomy":"category","embeddable":true,"href":"https:\/\/archive.sana.sy\/tr\/index.php?rest_route=%2Fwp%2Fv2%2Fcategories&post=31434"},{"taxonomy":"post_tag","embeddable":true,"href":"https:\/\/archive.sana.sy\/tr\/index.php?rest_route=%2Fwp%2Fv2%2Ftags&post=31434"}],"curies":[{"name":"wp","href":"https:\/\/api.w.org\/{rel}","templated":true}]}}