{"id":31439,"date":"2015-04-30T09:39:26","date_gmt":"2015-04-30T06:39:26","guid":{"rendered":"http:\/\/www.sana.sy\/tr\/?p=31439"},"modified":"2015-04-30T09:39:26","modified_gmt":"2015-04-30T06:39:26","slug":"suriyede-yasanan-gerceklerin-dunya-kamuoyuna-tasinmasi-yontemleri-incelendi","status":"publish","type":"post","link":"https:\/\/archive.sana.sy\/tr\/?p=31439","title":{"rendered":"Suriye&#8217;de Ya\u015fanan Ger\u00e7eklerin D\u00fcnya Kamuoyuna Ta\u015f\u0131nmas\u0131 Y\u00f6ntemleri \u0130ncelendi"},"content":{"rendered":"<p>\u015eAM \u2013 Halk Meclisi Arap ve D\u0131\u015f \u0130\u015fleri komisyonu ve Ulusal Uzla\u015fma Komisyonu Akdeniz Parlamento Cemiyeti Heyeti ile yapt\u0131klar\u0131 g\u00f6r\u00fc\u015fmelerde Suriye&#8217;de ya\u015fanan ger\u00e7eklerin di\u011fer \u00fclkelerdeki parlamento ve halklara ula\u015ft\u0131r\u0131lmas\u0131 y\u00f6ntemlerini incelediler.<\/p>\n<p>Arap ve D\u0131\u015f \u0130\u015fleri Komisyonu Ba\u015fkan\u0131 Fadya Diyb, Akdeniz Parlamentolar\u0131 Cemiyeti Heyetinin Suriye\u2019yi ziyaretinin \u00f6nemine dikkat \u00e7ekerek heyetin Suriye&#8217;de ya\u015fanan ger\u00e7eklerin d\u00fcnya kamuoyuna ta\u015f\u0131nmas\u0131na \u00f6nem verdi\u011fini belirtti.<\/p>\n<p>Ulusal Uzla\u015fma Komisyonu Ba\u015fkan\u0131 \u00d6mer Osi, ba\u011f\u0131ms\u0131z cemiyetlerin ger\u00e7eklerin d\u00fcnya kamuoyuna ve aktar\u0131lmas\u0131nda b\u00fcy\u00fck \u00f6nem ta\u015f\u0131d\u0131\u011f\u0131na de\u011finerek, Avrupa devletleri h\u00fck\u00fcmetlerinin Suriye&#8217;de ya\u015fanan ger\u00e7ekleri idrak ederek ter\u00f6r \u00f6rg\u00fctlerini desteklemeye son vermeleriyle b\u00f6lgede ve d\u00fcnyada bar\u0131\u015f\u0131n sa\u011flanabilece\u011fini belirtti.<\/p>\n<p>Akdeniz Parlamentolar\u0131 Cemiyeti Heyetine Suriye\u2019ye kar\u015f\u0131 s\u00fcren sava\u015fla ilgili ayr\u0131nt\u0131l\u0131 bir anlat\u0131m sunan Halk Meclisi \u00dcyeleri, Suriye Arap Ordusunun b\u00fct\u00fcn b\u00f6lge ve d\u00fcnya \u00fclkeleri ad\u0131na ter\u00f6re kar\u015f\u0131 m\u00fccadele etti\u011finin alt\u0131n\u0131 \u00e7izdiler.<\/p>\n<p>Arap Parlamentolar\u0131 Cemiyeti Genel Sekreteri Sergio Biase, cemiyetin g\u00f6revinin \u00fcye parlamentolar aras\u0131ndaki ili\u015fkilerin d\u00fczenlenmesi ve aktifle\u015ftirilmesi oldu\u011funa i\u015faret ederek Suriye&#8217;de ya\u015fanan olaylar\u0131n ger\u00e7e\u011finin di\u011fer \u00fclke parlamentolar\u0131na ve d\u00fcnya kamuoyuna ula\u015ft\u0131r\u0131lmas\u0131nda cemiyetin \u00fcstlendi\u011fi misyona dikkat \u00e7ekti.<\/p>\n<p>F.B -S.\u015e<\/p>\n","protected":false},"excerpt":{"rendered":"<p>\u015eAM \u2013 Halk Meclisi Arap ve D\u0131\u015f \u0130\u015fleri komisyonu ve Ulusal Uzla\u015fma Komisyonu Akdeniz Parlamento Cemiyeti Heyeti ile yapt\u0131klar\u0131 g\u00f6r\u00fc\u015fmelerde Suriye&#8217;de ya\u015fanan ger\u00e7eklerin di\u011fer \u00fclkelerdeki parlamento ve halklara ula\u015ft\u0131r\u0131lmas\u0131 y\u00f6ntemlerini incelediler. Arap ve D\u0131\u015f \u0130\u015fleri Komisyonu Ba\u015fkan\u0131 Fadya Diyb, Akdeniz Parlamentolar\u0131 Cemiyeti Heyetinin Suriye\u2019yi ziyaretinin \u00f6nemine dikkat \u00e7ekerek heyetin Suriye&#8217;de ya\u015fanan ger\u00e7eklerin d\u00fcnya kamuoyuna ta\u015f\u0131nmas\u0131na &hellip;<\/p>\n","protected":false},"author":1,"featured_media":31440,"comment_status":"closed","ping_status":"closed","sticky":false,"template":"","format":"standard","meta":{"footnotes":""},"categories":[479,478],"tags":[14191],"class_list":["post-31439","post","type-post","status-publish","format-standard","has-post-thumbnail","","category-haberler-yerel","category-yerel","tag-suriyede-yasanan-gerceklerin-dunya-kamuoyuna-tasinmasi-yontemleri-incelendi"],"_links":{"self":[{"href":"https:\/\/archive.sana.sy\/tr\/index.php?rest_route=\/wp\/v2\/posts\/31439","targetHints":{"allow":["GET"]}}],"collection":[{"href":"https:\/\/archive.sana.sy\/tr\/index.php?rest_route=\/wp\/v2\/posts"}],"about":[{"href":"https:\/\/archive.sana.sy\/tr\/index.php?rest_route=\/wp\/v2\/types\/post"}],"author":[{"embeddable":true,"href":"https:\/\/archive.sana.sy\/tr\/index.php?rest_route=\/wp\/v2\/users\/1"}],"replies":[{"embeddable":true,"href":"https:\/\/archive.sana.sy\/tr\/index.php?rest_route=%2Fwp%2Fv2%2Fcomments&post=31439"}],"version-history":[{"count":0,"href":"https:\/\/archive.sana.sy\/tr\/index.php?rest_route=\/wp\/v2\/posts\/31439\/revisions"}],"wp:featuredmedia":[{"embeddable":true,"href":"https:\/\/archive.sana.sy\/tr\/index.php?rest_route=\/wp\/v2\/media\/31440"}],"wp:attachment":[{"href":"https:\/\/archive.sana.sy\/tr\/index.php?rest_route=%2Fwp%2Fv2%2Fmedia&parent=31439"}],"wp:term":[{"taxonomy":"category","embeddable":true,"href":"https:\/\/archive.sana.sy\/tr\/index.php?rest_route=%2Fwp%2Fv2%2Fcategories&post=31439"},{"taxonomy":"post_tag","embeddable":true,"href":"https:\/\/archive.sana.sy\/tr\/index.php?rest_route=%2Fwp%2Fv2%2Ftags&post=31439"}],"curies":[{"name":"wp","href":"https:\/\/api.w.org\/{rel}","templated":true}]}}