{"id":314439,"date":"2025-01-26T10:26:07","date_gmt":"2025-01-26T07:26:07","guid":{"rendered":"https:\/\/sana.sy\/tr\/?p=314439"},"modified":"2025-01-26T15:14:38","modified_gmt":"2025-01-26T12:14:38","slug":"savunma-bakani-suudi-arabistan-kralliginin-sam-buyukelcisini-agirladi","status":"publish","type":"post","link":"https:\/\/archive.sana.sy\/tr\/?p=314439","title":{"rendered":"Savunma Bakan\u0131, Suudi Arabistan Krall\u0131\u011f\u0131&#8217;n\u0131n \u015eam B\u00fcy\u00fckel\u00e7isini A\u011f\u0131rlad\u0131"},"content":{"rendered":"<p style=\"text-align: justify;\"><strong><span style=\"color: #800000;\">\u015eAM (SANA)<\/span> \u2013<\/strong>Savunma Bakan\u0131 T\u00fcmgeneral M\u00fchendis Marhaf Ebu Kasra, Suudi Arabistan&#8217;\u0131n \u015eam B\u00fcy\u00fckel\u00e7isi Dr. Faysal El Mecfal&#8217;\u0131 kabul etti.<\/p>\n<div id='gallery-1' class='gallery galleryid-314439 gallery-columns-1 gallery-size-full'><figure class='gallery-item'>\n\t\t\t<div class='gallery-icon landscape'>\n\t\t\t\t<a href='https:\/\/archive.sana.sy\/tr\/wp-content\/uploads\/2025\/01\/photo_2025-01-25_20-43-10.jpg'><img loading=\"lazy\" decoding=\"async\" width=\"1280\" height=\"720\" src=\"https:\/\/archive.sana.sy\/tr\/wp-content\/uploads\/2025\/01\/photo_2025-01-25_20-43-10.jpg\" class=\"attachment-full size-full\" alt=\"\" srcset=\"https:\/\/archive.sana.sy\/tr\/wp-content\/uploads\/2025\/01\/photo_2025-01-25_20-43-10.jpg 1280w, https:\/\/archive.sana.sy\/tr\/wp-content\/uploads\/2025\/01\/photo_2025-01-25_20-43-10-300x169.jpg 300w, https:\/\/archive.sana.sy\/tr\/wp-content\/uploads\/2025\/01\/photo_2025-01-25_20-43-10-1024x576.jpg 1024w, https:\/\/archive.sana.sy\/tr\/wp-content\/uploads\/2025\/01\/photo_2025-01-25_20-43-10-768x432.jpg 768w\" sizes=\"auto, (max-width: 1280px) 100vw, 1280px\" \/><\/a>\n\t\t\t<\/div><\/figure><figure class='gallery-item'>\n\t\t\t<div class='gallery-icon landscape'>\n\t\t\t\t<a href='https:\/\/archive.sana.sy\/tr\/wp-content\/uploads\/2025\/01\/photo_2025-01-25_20-43-12.jpg'><img loading=\"lazy\" decoding=\"async\" width=\"1280\" height=\"720\" src=\"https:\/\/archive.sana.sy\/tr\/wp-content\/uploads\/2025\/01\/photo_2025-01-25_20-43-12.jpg\" class=\"attachment-full size-full\" alt=\"\" srcset=\"https:\/\/archive.sana.sy\/tr\/wp-content\/uploads\/2025\/01\/photo_2025-01-25_20-43-12.jpg 1280w, https:\/\/archive.sana.sy\/tr\/wp-content\/uploads\/2025\/01\/photo_2025-01-25_20-43-12-300x169.jpg 300w, https:\/\/archive.sana.sy\/tr\/wp-content\/uploads\/2025\/01\/photo_2025-01-25_20-43-12-1024x576.jpg 1024w, https:\/\/archive.sana.sy\/tr\/wp-content\/uploads\/2025\/01\/photo_2025-01-25_20-43-12-768x432.jpg 768w\" sizes=\"auto, (max-width: 1280px) 100vw, 1280px\" \/><\/a>\n\t\t\t<\/div><\/figure><figure class='gallery-item'>\n\t\t\t<div class='gallery-icon landscape'>\n\t\t\t\t<a href='https:\/\/archive.sana.sy\/tr\/wp-content\/uploads\/2025\/01\/photo_2025-01-25_20-43-16.jpg'><img loading=\"lazy\" decoding=\"async\" width=\"1280\" height=\"720\" src=\"https:\/\/archive.sana.sy\/tr\/wp-content\/uploads\/2025\/01\/photo_2025-01-25_20-43-16.jpg\" class=\"attachment-full size-full\" alt=\"\" srcset=\"https:\/\/archive.sana.sy\/tr\/wp-content\/uploads\/2025\/01\/photo_2025-01-25_20-43-16.jpg 1280w, https:\/\/archive.sana.sy\/tr\/wp-content\/uploads\/2025\/01\/photo_2025-01-25_20-43-16-300x169.jpg 300w, https:\/\/archive.sana.sy\/tr\/wp-content\/uploads\/2025\/01\/photo_2025-01-25_20-43-16-1024x576.jpg 1024w, https:\/\/archive.sana.sy\/tr\/wp-content\/uploads\/2025\/01\/photo_2025-01-25_20-43-16-768x432.jpg 768w\" sizes=\"auto, (max-width: 1280px) 100vw, 1280px\" \/><\/a>\n\t\t\t<\/div><\/figure>\n\t\t<\/div>\n\n","protected":false},"excerpt":{"rendered":"<p>\u015eAM (SANA) \u2013Savunma Bakan\u0131 T\u00fcmgeneral M\u00fchendis Marhaf Ebu Kasra, Suudi Arabistan&#8217;\u0131n \u015eam B\u00fcy\u00fckel\u00e7isi Dr. Faysal El Mecfal&#8217;\u0131 kabul etti.<\/p>\n","protected":false},"author":39,"featured_media":314444,"comment_status":"closed","ping_status":"closed","sticky":false,"template":"","format":"standard","meta":{"footnotes":""},"categories":[589,479,17988,478],"tags":[],"class_list":["post-314439","post","type-post","status-publish","format-standard","has-post-thumbnail","","category-haber-seridi","category-haberler-yerel","category-son-haberler","category-yerel"],"_links":{"self":[{"href":"https:\/\/archive.sana.sy\/tr\/index.php?rest_route=\/wp\/v2\/posts\/314439","targetHints":{"allow":["GET"]}}],"collection":[{"href":"https:\/\/archive.sana.sy\/tr\/index.php?rest_route=\/wp\/v2\/posts"}],"about":[{"href":"https:\/\/archive.sana.sy\/tr\/index.php?rest_route=\/wp\/v2\/types\/post"}],"author":[{"embeddable":true,"href":"https:\/\/archive.sana.sy\/tr\/index.php?rest_route=\/wp\/v2\/users\/39"}],"replies":[{"embeddable":true,"href":"https:\/\/archive.sana.sy\/tr\/index.php?rest_route=%2Fwp%2Fv2%2Fcomments&post=314439"}],"version-history":[{"count":6,"href":"https:\/\/archive.sana.sy\/tr\/index.php?rest_route=\/wp\/v2\/posts\/314439\/revisions"}],"predecessor-version":[{"id":314463,"href":"https:\/\/archive.sana.sy\/tr\/index.php?rest_route=\/wp\/v2\/posts\/314439\/revisions\/314463"}],"wp:featuredmedia":[{"embeddable":true,"href":"https:\/\/archive.sana.sy\/tr\/index.php?rest_route=\/wp\/v2\/media\/314444"}],"wp:attachment":[{"href":"https:\/\/archive.sana.sy\/tr\/index.php?rest_route=%2Fwp%2Fv2%2Fmedia&parent=314439"}],"wp:term":[{"taxonomy":"category","embeddable":true,"href":"https:\/\/archive.sana.sy\/tr\/index.php?rest_route=%2Fwp%2Fv2%2Fcategories&post=314439"},{"taxonomy":"post_tag","embeddable":true,"href":"https:\/\/archive.sana.sy\/tr\/index.php?rest_route=%2Fwp%2Fv2%2Ftags&post=314439"}],"curies":[{"name":"wp","href":"https:\/\/api.w.org\/{rel}","templated":true}]}}