{"id":314448,"date":"2025-01-26T08:34:34","date_gmt":"2025-01-26T05:34:34","guid":{"rendered":"https:\/\/sana.sy\/tr\/?p=314448"},"modified":"2025-01-26T15:15:08","modified_gmt":"2025-01-26T12:15:08","slug":"savunma-bakani-ve-genelkurmay-baskani-mahardahtan-bir-heyeti-kabul-etti","status":"publish","type":"post","link":"https:\/\/archive.sana.sy\/tr\/?p=314448","title":{"rendered":"Savunma Bakan\u0131 ve Genelkurmay Ba\u015fkan\u0131 Mahardah&#8217;tan Bir Heyeti Kabul Etti"},"content":{"rendered":"<p><strong><span style=\"color: #800000;\">\u015eAM (SANA)<\/span> \u2013 <\/strong>Savunma Bakan\u0131 T\u00fcmgeneral M\u00fchendis Murhaf Ebu Kasra ve Genelkurmay Ba\u015fkan\u0131 T\u00fcmgeneral Ali El Naasan, Mahardah \u015fehrinden bir heyeti kabul etti.<\/p>\n<div id='gallery-1' class='gallery galleryid-314448 gallery-columns-2 gallery-size-full'><figure class='gallery-item'>\n\t\t\t<div class='gallery-icon landscape'>\n\t\t\t\t<a href='https:\/\/archive.sana.sy\/tr\/wp-content\/uploads\/2025\/01\/1-87.jpg'><img loading=\"lazy\" decoding=\"async\" width=\"660\" height=\"371\" src=\"https:\/\/archive.sana.sy\/tr\/wp-content\/uploads\/2025\/01\/1-87.jpg\" class=\"attachment-full size-full\" alt=\"\" srcset=\"https:\/\/archive.sana.sy\/tr\/wp-content\/uploads\/2025\/01\/1-87.jpg 660w, https:\/\/archive.sana.sy\/tr\/wp-content\/uploads\/2025\/01\/1-87-300x169.jpg 300w\" sizes=\"auto, (max-width: 660px) 100vw, 660px\" \/><\/a>\n\t\t\t<\/div><\/figure><figure class='gallery-item'>\n\t\t\t<div class='gallery-icon landscape'>\n\t\t\t\t<a href='https:\/\/archive.sana.sy\/tr\/wp-content\/uploads\/2025\/01\/2-83.jpg'><img loading=\"lazy\" decoding=\"async\" width=\"660\" height=\"371\" src=\"https:\/\/archive.sana.sy\/tr\/wp-content\/uploads\/2025\/01\/2-83.jpg\" class=\"attachment-full size-full\" alt=\"\" srcset=\"https:\/\/archive.sana.sy\/tr\/wp-content\/uploads\/2025\/01\/2-83.jpg 660w, https:\/\/archive.sana.sy\/tr\/wp-content\/uploads\/2025\/01\/2-83-300x169.jpg 300w\" sizes=\"auto, (max-width: 660px) 100vw, 660px\" \/><\/a>\n\t\t\t<\/div><\/figure><figure class='gallery-item'>\n\t\t\t<div class='gallery-icon landscape'>\n\t\t\t\t<a href='https:\/\/archive.sana.sy\/tr\/wp-content\/uploads\/2025\/01\/3-80.jpg'><img loading=\"lazy\" decoding=\"async\" width=\"660\" height=\"371\" src=\"https:\/\/archive.sana.sy\/tr\/wp-content\/uploads\/2025\/01\/3-80.jpg\" class=\"attachment-full size-full\" alt=\"\" srcset=\"https:\/\/archive.sana.sy\/tr\/wp-content\/uploads\/2025\/01\/3-80.jpg 660w, https:\/\/archive.sana.sy\/tr\/wp-content\/uploads\/2025\/01\/3-80-300x169.jpg 300w\" sizes=\"auto, (max-width: 660px) 100vw, 660px\" \/><\/a>\n\t\t\t<\/div><\/figure><figure class='gallery-item'>\n\t\t\t<div class='gallery-icon landscape'>\n\t\t\t\t<a href='https:\/\/archive.sana.sy\/tr\/wp-content\/uploads\/2025\/01\/5-47.jpg'><img loading=\"lazy\" decoding=\"async\" width=\"660\" height=\"371\" src=\"https:\/\/archive.sana.sy\/tr\/wp-content\/uploads\/2025\/01\/5-47.jpg\" class=\"attachment-full size-full\" alt=\"\" srcset=\"https:\/\/archive.sana.sy\/tr\/wp-content\/uploads\/2025\/01\/5-47.jpg 660w, https:\/\/archive.sana.sy\/tr\/wp-content\/uploads\/2025\/01\/5-47-300x169.jpg 300w\" sizes=\"auto, (max-width: 660px) 100vw, 660px\" \/><\/a>\n\t\t\t<\/div><\/figure>\n\t\t<\/div>\n\n","protected":false},"excerpt":{"rendered":"<p>\u015eAM (SANA) \u2013 Savunma Bakan\u0131 T\u00fcmgeneral M\u00fchendis Murhaf Ebu Kasra ve Genelkurmay Ba\u015fkan\u0131 T\u00fcmgeneral Ali El Naasan, Mahardah \u015fehrinden bir heyeti kabul etti.<\/p>\n","protected":false},"author":39,"featured_media":314453,"comment_status":"closed","ping_status":"closed","sticky":false,"template":"","format":"standard","meta":{"footnotes":""},"categories":[589,479,17988,478],"tags":[],"class_list":["post-314448","post","type-post","status-publish","format-standard","has-post-thumbnail","","category-haber-seridi","category-haberler-yerel","category-son-haberler","category-yerel"],"_links":{"self":[{"href":"https:\/\/archive.sana.sy\/tr\/index.php?rest_route=\/wp\/v2\/posts\/314448","targetHints":{"allow":["GET"]}}],"collection":[{"href":"https:\/\/archive.sana.sy\/tr\/index.php?rest_route=\/wp\/v2\/posts"}],"about":[{"href":"https:\/\/archive.sana.sy\/tr\/index.php?rest_route=\/wp\/v2\/types\/post"}],"author":[{"embeddable":true,"href":"https:\/\/archive.sana.sy\/tr\/index.php?rest_route=\/wp\/v2\/users\/39"}],"replies":[{"embeddable":true,"href":"https:\/\/archive.sana.sy\/tr\/index.php?rest_route=%2Fwp%2Fv2%2Fcomments&post=314448"}],"version-history":[{"count":5,"href":"https:\/\/archive.sana.sy\/tr\/index.php?rest_route=\/wp\/v2\/posts\/314448\/revisions"}],"predecessor-version":[{"id":314464,"href":"https:\/\/archive.sana.sy\/tr\/index.php?rest_route=\/wp\/v2\/posts\/314448\/revisions\/314464"}],"wp:featuredmedia":[{"embeddable":true,"href":"https:\/\/archive.sana.sy\/tr\/index.php?rest_route=\/wp\/v2\/media\/314453"}],"wp:attachment":[{"href":"https:\/\/archive.sana.sy\/tr\/index.php?rest_route=%2Fwp%2Fv2%2Fmedia&parent=314448"}],"wp:term":[{"taxonomy":"category","embeddable":true,"href":"https:\/\/archive.sana.sy\/tr\/index.php?rest_route=%2Fwp%2Fv2%2Fcategories&post=314448"},{"taxonomy":"post_tag","embeddable":true,"href":"https:\/\/archive.sana.sy\/tr\/index.php?rest_route=%2Fwp%2Fv2%2Ftags&post=314448"}],"curies":[{"name":"wp","href":"https:\/\/api.w.org\/{rel}","templated":true}]}}