{"id":31445,"date":"2015-04-30T09:49:47","date_gmt":"2015-04-30T06:49:47","guid":{"rendered":"http:\/\/www.sana.sy\/tr\/?p=31445"},"modified":"2015-04-30T09:49:47","modified_gmt":"2015-04-30T06:49:47","slug":"vatana-ve-kahraman-ordumuza-vefanin-bir-yansimasi","status":"publish","type":"post","link":"https:\/\/archive.sana.sy\/tr\/?p=31445","title":{"rendered":"Vatana ve Kahraman Ordumuza Vefan\u0131n Bir Yans\u0131mas\u0131"},"content":{"rendered":"<p>\u015eAM \u2013 \u00d6\u011fretmenler Sendikas\u0131 \u015eam \u00dcniversitesi Ofisinin, \u201cYa\u015famas\u0131 Bir Ba\u015fka\u201d kampanyas\u0131 kapsam\u0131nda d\u00fczenledi\u011fi kan ba\u011f\u0131\u015f\u0131 kampanyas\u0131na 200 \u00f6\u011fretim g\u00f6revlisi ve idari personel kat\u0131ld\u0131.<\/p>\n<p>\u015eam \u00dcniversitesi Rekt\u00f6r\u00fc Muhammed Hassan el K\u00fcrdi, kan ba\u011f\u0131\u015f\u0131 kampanyas\u0131n\u0131n \u00fcniversite kapsam\u0131nda d\u00fczenlenen bir dizi kampanyadan biri oldu\u011funu ifade ederek bu kampanyalar\u0131n ordu birliklerimizin yan\u0131nda duru\u015fumuzun bir yans\u0131mas\u0131 oldu\u011funu belirtti.<\/p>\n<p>\u00d6\u011fretmenler Sendikas\u0131 \u015eam \u00dcniversitesi Ofisi M\u00fcd\u00fcr\u00fc Ahmet el Mendili, kan ba\u011f\u0131\u015f\u0131 kampanyas\u0131n\u0131n \u015eam \u00dcniversitesinin vatana ve kahraman ordusuna duydu\u011fu vefan\u0131n bir ifadesi oldu\u011funu dile getirdi.<\/p>\n<p>\u00d6te yandan kampanyaya kat\u0131lan \u00f6\u011fretim g\u00f6revlileri; kan ba\u011f\u0131\u015f\u0131n\u0131n insani bir sorumluluk olmakla birlikte vatan u\u011fruna yapabilecekleri en ufak fedakarl\u0131k oldu\u011funu ifade ettiler.<\/p>\n<p><span style=\"color: #0000ff\">Kunaytra Valili\u011finde Kan Ba\u011f\u0131\u015f\u0131 Kampanyas\u0131na 300 Ki\u015fi Kat\u0131ld\u0131<\/span><\/p>\n<p>Kunaytra Valili\u011finde kahraman ordu birliklerimiz ile dayan\u0131\u015fma kapsam\u0131nda \u015fehit ve gazilerimizin fedak\u00e2rl\u0131klar\u0131n\u0131 takdirin ifadesi olarak d\u00fczenlenen kan ba\u011f\u0131\u015f\u0131 kampanyas\u0131na valili\u011fe ba\u011fl\u0131 kurum ve m\u00fcd\u00fcrl\u00fcklerden 300 ki\u015fi kat\u0131ld\u0131.<\/p>\n<p>Kunaytra\u2019da \u0130\u015f\u00e7i Birli\u011finin d\u00fczenledi\u011fi kampanya kat\u0131l\u0131mc\u0131lar\u0131 kahraman ordumuza, \u015fehitlerimize ve gazilerimize duyduklar\u0131 vefa ve minneti ifade etmek amac\u0131yla kampanyaya kat\u0131ld\u0131klar\u0131n\u0131 dile getirerek ter\u00f6re kar\u015f\u0131 vatan\u0131n ba\u011f\u0131ms\u0131zl\u0131\u011f\u0131, egemenli\u011fi ve onurunu savunman\u0131n kutsal bir de\u011fer te\u015fkil etti\u011fini belirttiler.<\/p>\n<p>F.B &#8211; S.\u015e<\/p>\n<p>&nbsp;<\/p>\n","protected":false},"excerpt":{"rendered":"<p>\u015eAM \u2013 \u00d6\u011fretmenler Sendikas\u0131 \u015eam \u00dcniversitesi Ofisinin, \u201cYa\u015famas\u0131 Bir Ba\u015fka\u201d kampanyas\u0131 kapsam\u0131nda d\u00fczenledi\u011fi kan ba\u011f\u0131\u015f\u0131 kampanyas\u0131na 200 \u00f6\u011fretim g\u00f6revlisi ve idari personel kat\u0131ld\u0131. \u015eam \u00dcniversitesi Rekt\u00f6r\u00fc Muhammed Hassan el K\u00fcrdi, kan ba\u011f\u0131\u015f\u0131 kampanyas\u0131n\u0131n \u00fcniversite kapsam\u0131nda d\u00fczenlenen bir dizi kampanyadan biri oldu\u011funu ifade ederek bu kampanyalar\u0131n ordu birliklerimizin yan\u0131nda duru\u015fumuzun bir yans\u0131mas\u0131 oldu\u011funu belirtti. \u00d6\u011fretmenler Sendikas\u0131 &hellip;<\/p>\n","protected":false},"author":1,"featured_media":31446,"comment_status":"closed","ping_status":"closed","sticky":false,"template":"","format":"standard","meta":{"footnotes":""},"categories":[479,478],"tags":[14193],"class_list":["post-31445","post","type-post","status-publish","format-standard","has-post-thumbnail","","category-haberler-yerel","category-yerel","tag-vatana-ve-kahraman-ordumuza-vefanin-bir-yansimasi"],"_links":{"self":[{"href":"https:\/\/archive.sana.sy\/tr\/index.php?rest_route=\/wp\/v2\/posts\/31445","targetHints":{"allow":["GET"]}}],"collection":[{"href":"https:\/\/archive.sana.sy\/tr\/index.php?rest_route=\/wp\/v2\/posts"}],"about":[{"href":"https:\/\/archive.sana.sy\/tr\/index.php?rest_route=\/wp\/v2\/types\/post"}],"author":[{"embeddable":true,"href":"https:\/\/archive.sana.sy\/tr\/index.php?rest_route=\/wp\/v2\/users\/1"}],"replies":[{"embeddable":true,"href":"https:\/\/archive.sana.sy\/tr\/index.php?rest_route=%2Fwp%2Fv2%2Fcomments&post=31445"}],"version-history":[{"count":0,"href":"https:\/\/archive.sana.sy\/tr\/index.php?rest_route=\/wp\/v2\/posts\/31445\/revisions"}],"wp:featuredmedia":[{"embeddable":true,"href":"https:\/\/archive.sana.sy\/tr\/index.php?rest_route=\/wp\/v2\/media\/31446"}],"wp:attachment":[{"href":"https:\/\/archive.sana.sy\/tr\/index.php?rest_route=%2Fwp%2Fv2%2Fmedia&parent=31445"}],"wp:term":[{"taxonomy":"category","embeddable":true,"href":"https:\/\/archive.sana.sy\/tr\/index.php?rest_route=%2Fwp%2Fv2%2Fcategories&post=31445"},{"taxonomy":"post_tag","embeddable":true,"href":"https:\/\/archive.sana.sy\/tr\/index.php?rest_route=%2Fwp%2Fv2%2Ftags&post=31445"}],"curies":[{"name":"wp","href":"https:\/\/api.w.org\/{rel}","templated":true}]}}