{"id":314487,"date":"2025-01-26T13:55:27","date_gmt":"2025-01-26T10:55:27","guid":{"rendered":"https:\/\/sana.sy\/tr\/?p=314487"},"modified":"2025-01-26T16:58:51","modified_gmt":"2025-01-26T13:58:51","slug":"batili-diplomatlar-ab-suriyenin-enerji-ve-ulastirma-sektorlerine-yonelik-yaptirimlari-askiya-alabilir","status":"publish","type":"post","link":"https:\/\/archive.sana.sy\/tr\/?p=314487","title":{"rendered":"Bat\u0131l\u0131 Diplomatlar: AB, Suriye&#8217;nin Enerji Ve Ula\u015ft\u0131rma Sekt\u00f6rlerine Y\u00f6nelik Yapt\u0131r\u0131mlar\u0131 Ask\u0131ya Alabilir"},"content":{"rendered":"<p style=\"text-align: justify;\"><span style=\"color: #800000;\"><strong>BR\u00dcKSEL <\/strong><strong>(SANA)<\/strong> <\/span>&#8211; \u00dc\u00e7 diplomat, Avrupa Birli\u011fi&#8217;nin enerji ve ula\u015ft\u0131rma sekt\u00f6rleriyle ilgili olarak Suriye&#8217;ye y\u00f6nelik yapt\u0131r\u0131mlar\u0131 yak\u0131nda ask\u0131ya alabilece\u011fini s\u00f6yledi.<\/p>\n<p style=\"text-align: justify;\">Reuters&#8217;\u0131n bug\u00fcn bildirdi\u011fi bir Avrupa Birli\u011fi belgesine g\u00f6re, Avrupa Birli\u011fi&#8217;nin 27 \u00fcye \u00fclkesinden diplomatlar, Suriye&#8217;de ekonomik istikrar i\u00e7in \u00f6nemli olan enerji ve ula\u015ft\u0131rma gibi sekt\u00f6rlerdeki k\u0131s\u0131tlamalar\u0131n kald\u0131r\u0131lmas\u0131 ve ekonominin yeniden in\u015fas\u0131na ba\u015flanmas\u0131 i\u00e7in h\u0131zla \u00f6nlem al\u0131nmas\u0131n\u0131 \u00f6nerdi.<\/p>\n<p style=\"text-align: justify;\">AB&#8217;nin Ortado\u011fu ve Kuzey Afrika&#8217;ya ili\u015fkin konulardaki d\u0131\u015f politika pozisyonlar\u0131n\u0131 inceleyen grupta yer alan diplomatlar, Suriye ile bankac\u0131l\u0131k ve yat\u0131r\u0131m ili\u015fkilerinin yeniden a\u00e7\u0131lmas\u0131na y\u00f6nelik se\u00e7eneklerin de\u011ferlendirilmesini de tavsiye etti.<\/p>\n<p style=\"text-align: justify;\">AB d\u0131\u015fi\u015fleri bakanlar\u0131n\u0131n bu konuyu yar\u0131n, pazartesi g\u00fcn\u00fc Bel\u00e7ika&#8217;n\u0131n ba\u015fkenti Br\u00fcksel&#8217;de yapacaklar\u0131 toplant\u0131da ele almalar\u0131 planlan\u0131yor.<\/p>\n","protected":false},"excerpt":{"rendered":"<p>BR\u00dcKSEL (SANA) &#8211; \u00dc\u00e7 diplomat, Avrupa Birli\u011fi&#8217;nin enerji ve ula\u015ft\u0131rma sekt\u00f6rleriyle ilgili olarak Suriye&#8217;ye y\u00f6nelik yapt\u0131r\u0131mlar\u0131 yak\u0131nda ask\u0131ya alabilece\u011fini s\u00f6yledi. Reuters&#8217;\u0131n bug\u00fcn bildirdi\u011fi bir Avrupa Birli\u011fi belgesine g\u00f6re, Avrupa Birli\u011fi&#8217;nin 27 \u00fcye \u00fclkesinden diplomatlar, Suriye&#8217;de ekonomik istikrar i\u00e7in \u00f6nemli olan enerji ve ula\u015ft\u0131rma gibi sekt\u00f6rlerdeki k\u0131s\u0131tlamalar\u0131n kald\u0131r\u0131lmas\u0131 ve ekonominin yeniden in\u015fas\u0131na ba\u015flanmas\u0131 i\u00e7in h\u0131zla \u00f6nlem &hellip;<\/p>\n","protected":false},"author":41,"featured_media":314488,"comment_status":"closed","ping_status":"closed","sticky":false,"template":"","format":"standard","meta":{"footnotes":""},"categories":[458,589,459,17988],"tags":[43231,43232],"class_list":["post-314487","post","type-post","status-publish","format-standard","has-post-thumbnail","","category-dunya1","category-haber-seridi","category-haberler-arap-uluslararasi-politika","category-son-haberler","tag-batili-diplomatlar-ab","tag-suriyenin-enerji-ve-ulastirma-sektorlerine-yonelik-yaptirimlari-askiya-alabilir"],"_links":{"self":[{"href":"https:\/\/archive.sana.sy\/tr\/index.php?rest_route=\/wp\/v2\/posts\/314487","targetHints":{"allow":["GET"]}}],"collection":[{"href":"https:\/\/archive.sana.sy\/tr\/index.php?rest_route=\/wp\/v2\/posts"}],"about":[{"href":"https:\/\/archive.sana.sy\/tr\/index.php?rest_route=\/wp\/v2\/types\/post"}],"author":[{"embeddable":true,"href":"https:\/\/archive.sana.sy\/tr\/index.php?rest_route=\/wp\/v2\/users\/41"}],"replies":[{"embeddable":true,"href":"https:\/\/archive.sana.sy\/tr\/index.php?rest_route=%2Fwp%2Fv2%2Fcomments&post=314487"}],"version-history":[{"count":1,"href":"https:\/\/archive.sana.sy\/tr\/index.php?rest_route=\/wp\/v2\/posts\/314487\/revisions"}],"predecessor-version":[{"id":314489,"href":"https:\/\/archive.sana.sy\/tr\/index.php?rest_route=\/wp\/v2\/posts\/314487\/revisions\/314489"}],"wp:featuredmedia":[{"embeddable":true,"href":"https:\/\/archive.sana.sy\/tr\/index.php?rest_route=\/wp\/v2\/media\/314488"}],"wp:attachment":[{"href":"https:\/\/archive.sana.sy\/tr\/index.php?rest_route=%2Fwp%2Fv2%2Fmedia&parent=314487"}],"wp:term":[{"taxonomy":"category","embeddable":true,"href":"https:\/\/archive.sana.sy\/tr\/index.php?rest_route=%2Fwp%2Fv2%2Fcategories&post=314487"},{"taxonomy":"post_tag","embeddable":true,"href":"https:\/\/archive.sana.sy\/tr\/index.php?rest_route=%2Fwp%2Fv2%2Ftags&post=314487"}],"curies":[{"name":"wp","href":"https:\/\/api.w.org\/{rel}","templated":true}]}}