{"id":3145,"date":"2014-06-15T14:53:36","date_gmt":"2014-06-15T11:53:36","guid":{"rendered":"http:\/\/sanasyria.org\/tr\/?p=3145"},"modified":"2014-06-15T14:53:50","modified_gmt":"2014-06-15T11:53:50","slug":"irakta-isid-terorune-karsi-operasyonlar-surduruyor","status":"publish","type":"post","link":"https:\/\/archive.sana.sy\/tr\/?p=3145","title":{"rendered":"Irak\u2019ta I\u015e\u0130D Ter\u00f6r\u00fcne Kar\u015f\u0131 Operasyonlar S\u00fcrd\u00fcr\u00fcyor"},"content":{"rendered":"<p><span style=\"color: #800000\">BA\u011eDAT \u2013<\/span> Irak Ordusuna ba\u011fl\u0131 Hava Kuvvetleri, Ninova, Salahaddin ve Samarra b\u00f6lgelerinde belirledi\u011fi operasyon alanlar\u0131nda bulunan ter\u00f6r yuvalar\u0131n\u0131 bomba ya\u011fmuruna tuttu.<\/p>\n<p>Irak Savunma Bakanl\u0131\u011f\u0131 operasyonla ilgili yapt\u0131\u011f\u0131 a\u00e7\u0131klamada; el Kaide\u2019ye ba\u011fl\u0131 \u201cIrak ve \u015eam\u2019da \u0130slam Devleti\u201d (I\u015e\u0130D) isimli \u00f6rg\u00fcte ba\u011fl\u0131 \u00e7ok say\u0131da ter\u00f6ristin \u00f6ld\u00fcr\u00fclm\u00fc\u015f oldu\u011funa i\u015faret ederek g\u00fcvenilir istihbarat bilgilerine dayanarak d\u00fczenlenen operasyonun g\u00fcn g\u00fcn devam etti\u011fi belirtti.<\/p>\n<p>A\u00e7\u0131klamada, Irak Hava Kuvvetlerinin bug\u00fcn d\u00fczenledikleri operasyon kapsam\u0131nda I\u015e\u0130D\u2019e ait b\u00fcy\u00fck miktarda ara\u00e7, silah ve m\u00fchimmatla birlikte \u00e7ok say\u0131da ter\u00f6ristin yok edildi\u011fi dile getirildi.<\/p>\n","protected":false},"excerpt":{"rendered":"<p>BA\u011eDAT \u2013 Irak Ordusuna ba\u011fl\u0131 Hava Kuvvetleri, Ninova, Salahaddin ve Samarra b\u00f6lgelerinde belirledi\u011fi operasyon alanlar\u0131nda bulunan ter\u00f6r yuvalar\u0131n\u0131 bomba ya\u011fmuruna tuttu. Irak Savunma Bakanl\u0131\u011f\u0131 operasyonla ilgili yapt\u0131\u011f\u0131 a\u00e7\u0131klamada; el Kaide\u2019ye ba\u011fl\u0131 \u201cIrak ve \u015eam\u2019da \u0130slam Devleti\u201d (I\u015e\u0130D) isimli \u00f6rg\u00fcte ba\u011fl\u0131 \u00e7ok say\u0131da ter\u00f6ristin \u00f6ld\u00fcr\u00fclm\u00fc\u015f oldu\u011funa i\u015faret ederek g\u00fcvenilir istihbarat bilgilerine dayanarak d\u00fczenlenen operasyonun g\u00fcn g\u00fcn &hellip;<\/p>\n","protected":false},"author":1,"featured_media":3146,"comment_status":"closed","ping_status":"closed","sticky":false,"template":"","format":"standard","meta":{"footnotes":""},"categories":[458,459],"tags":[697],"class_list":["post-3145","post","type-post","status-publish","format-standard","has-post-thumbnail","","category-dunya1","category-haberler-arap-uluslararasi-politika","tag-irakta-isid-terorune-karsi-operasyonlar-surduruyor"],"_links":{"self":[{"href":"https:\/\/archive.sana.sy\/tr\/index.php?rest_route=\/wp\/v2\/posts\/3145","targetHints":{"allow":["GET"]}}],"collection":[{"href":"https:\/\/archive.sana.sy\/tr\/index.php?rest_route=\/wp\/v2\/posts"}],"about":[{"href":"https:\/\/archive.sana.sy\/tr\/index.php?rest_route=\/wp\/v2\/types\/post"}],"author":[{"embeddable":true,"href":"https:\/\/archive.sana.sy\/tr\/index.php?rest_route=\/wp\/v2\/users\/1"}],"replies":[{"embeddable":true,"href":"https:\/\/archive.sana.sy\/tr\/index.php?rest_route=%2Fwp%2Fv2%2Fcomments&post=3145"}],"version-history":[{"count":0,"href":"https:\/\/archive.sana.sy\/tr\/index.php?rest_route=\/wp\/v2\/posts\/3145\/revisions"}],"wp:featuredmedia":[{"embeddable":true,"href":"https:\/\/archive.sana.sy\/tr\/index.php?rest_route=\/wp\/v2\/media\/3146"}],"wp:attachment":[{"href":"https:\/\/archive.sana.sy\/tr\/index.php?rest_route=%2Fwp%2Fv2%2Fmedia&parent=3145"}],"wp:term":[{"taxonomy":"category","embeddable":true,"href":"https:\/\/archive.sana.sy\/tr\/index.php?rest_route=%2Fwp%2Fv2%2Fcategories&post=3145"},{"taxonomy":"post_tag","embeddable":true,"href":"https:\/\/archive.sana.sy\/tr\/index.php?rest_route=%2Fwp%2Fv2%2Ftags&post=3145"}],"curies":[{"name":"wp","href":"https:\/\/api.w.org\/{rel}","templated":true}]}}