{"id":31451,"date":"2015-04-30T11:11:24","date_gmt":"2015-04-30T08:11:24","guid":{"rendered":"http:\/\/www.sana.sy\/tr\/?p=31451"},"modified":"2015-04-30T11:15:32","modified_gmt":"2015-04-30T08:15:32","slug":"suriye-zafere-erisecek-turk-halki-dost-ve-kardes-halktir-teroru-destekleyen-yonetiminden-muhakkak-hesap-soracaktir","status":"publish","type":"post","link":"https:\/\/archive.sana.sy\/tr\/?p=31451","title":{"rendered":"Suriye Zafere Eri\u015fecek.. T\u00fcrk Halk\u0131 Dost ve Karde\u015f Halkt\u0131r, Ter\u00f6r\u00fc Destekleyen Y\u00f6netiminden Muhakkak Hesap Soracakt\u0131r"},"content":{"rendered":"<p>\u015eAM \u2013 D\u0131\u015fi\u015fleri ve Gurbet\u00e7iler Bakan\u0131 Yard\u0131mc\u0131s\u0131 Faysal Mikdat, Suriye\u2019nin halen ayakta oldu\u011funu, meydan okumalara kar\u015f\u0131 koymaya kadir oldu\u011funu, d\u00fc\u015fmanlar\u0131n ne yaparsa yaps\u0131n bu a\u015famay\u0131 a\u015faca\u011f\u0131n\u0131 ve Suriye\u2019nin direni\u015fiyle zafere eri\u015fece\u011fini belirtti.<\/p>\n<p>Mikdat d\u00fcn gece Suriye televizyonunun kendisiyle d\u00fczenledi\u011fi g\u00f6r\u00fc\u015fmede, halk\u0131n bu sava\u015f\u0131n en k\u0131sa zamanda sona ermesini istedi\u011fini lakin \u00f6zellikle T\u00fcrkiye\u2019deki siyasi y\u00f6netimin uygulad\u0131\u011f\u0131 kin, b\u00fct\u00fcn imkanlar\u0131n\u0131 kullanmas\u0131, silahl\u0131 ve ter\u00f6ristleri b\u0131rakmas\u0131 olmak \u00fczere d\u00fc\u015fmanlar\u0131n\u0131n Suriye \u00fczerine yo\u011funla\u015fmalar\u0131n\u0131n bu zaferi geciktirdi\u011fini s\u00f6yledi.<\/p>\n<p>Mikdat:\u201dT\u00fcrk halk\u0131n\u0131n i\u00e7i\u015flerine kar\u0131\u015fm\u0131yoruz her zaman T\u00fcrk halk\u0131n\u0131n dost oldu\u011funu Suriye halk\u0131yla karde\u015f halk oldu\u011funu her zaman belirtiyoruz, bu y\u00fczden T\u00fcrkiye\u2019deki halk\u0131n halihaz\u0131rdaki y\u00f6netimini sava\u015f su\u00e7lusu ve ter\u00f6r\u00fc destekleyen olarak ondan hesap soracakt\u0131r\u201d dedi.<\/p>\n<p>Mikdat, ba\u015fta \u0130ran ve Rusya olmak \u00fczere ortaklar\u0131m\u0131zla ili\u015fkilerin stratejik oldu\u011funu, olaylar\u0131n geli\u015fmesinde etkili olacaklar\u0131n\u0131 bu ortaklar\u0131n Suriye\u2019nin zafere eri\u015fmesinden ba\u015fka hi\u00e7 bir \u015feye izin vermeyeceklerini ter\u00f6rle m\u00fccadelede de her zaman yanlar\u0131nda olacaklar\u0131n\u0131 s\u00f6yledi.<\/p>\n<p>Suriye\u2019nin Suudi Arabistan ve T\u00fcrkiye\u2019yi a\u00e7\u0131\u011fa \u00e7\u0131karma ve hedeflerini su y\u00fcz\u00fcne \u00e7\u0131karmada ba\u015far\u0131l\u0131 oldu\u011funu belirten Mikdat, T\u00fcrkiye\u2019nin NATO dahilindeki durumuna etki yapmak i\u00e7in b\u00fcy\u00fck \u00e7aba sarf ettiklerini, \u015fu anda bir \u00e7ok liderin T\u00fcrkiye\u2019ye gidip T\u00fcrk y\u00f6neticilerine yeter dediklerini, b\u00fct\u00fcn yapt\u0131klar\u0131n\u0131n \u00fclkelerine ve halklar\u0131na olumsuz ve ter\u00f6r \u015feklinde b\u00fct\u00fcn d\u00fcnyaya yans\u0131d\u0131\u011f\u0131n\u0131 dediklerine i\u015faret etti.<\/p>\n<p>Mikdat, T\u00fcrkiye ve Suudi Arabistan\u2019a kar\u015f\u0131 do\u011frudan kararlar\u0131n al\u0131nmas\u0131 zorunlulu\u011funa i\u015faret etti.<\/p>\n<p>S.\u015e<\/p>\n","protected":false},"excerpt":{"rendered":"<p>\u015eAM \u2013 D\u0131\u015fi\u015fleri ve Gurbet\u00e7iler Bakan\u0131 Yard\u0131mc\u0131s\u0131 Faysal Mikdat, Suriye\u2019nin halen ayakta oldu\u011funu, meydan okumalara kar\u015f\u0131 koymaya kadir oldu\u011funu, d\u00fc\u015fmanlar\u0131n ne yaparsa yaps\u0131n bu a\u015famay\u0131 a\u015faca\u011f\u0131n\u0131 ve Suriye\u2019nin direni\u015fiyle zafere eri\u015fece\u011fini belirtti. Mikdat d\u00fcn gece Suriye televizyonunun kendisiyle d\u00fczenledi\u011fi g\u00f6r\u00fc\u015fmede, halk\u0131n bu sava\u015f\u0131n en k\u0131sa zamanda sona ermesini istedi\u011fini lakin \u00f6zellikle T\u00fcrkiye\u2019deki siyasi y\u00f6netimin uygulad\u0131\u011f\u0131 &hellip;<\/p>\n","protected":false},"author":1,"featured_media":31452,"comment_status":"closed","ping_status":"closed","sticky":false,"template":"","format":"standard","meta":{"footnotes":""},"categories":[447,2554,2555],"tags":[14195,14196],"class_list":["post-31451","post","type-post","status-publish","format-standard","has-post-thumbnail","","category-politika","category-suriye-ve-dunya","category-suriye-ve-turkiye","tag-suriye-zafere-erisecek-turk-halki-dost-ve-kardes-halktir","tag-teroru-destekleyen-yonetiminden-muhakkak-hesap-soracaktir"],"_links":{"self":[{"href":"https:\/\/archive.sana.sy\/tr\/index.php?rest_route=\/wp\/v2\/posts\/31451","targetHints":{"allow":["GET"]}}],"collection":[{"href":"https:\/\/archive.sana.sy\/tr\/index.php?rest_route=\/wp\/v2\/posts"}],"about":[{"href":"https:\/\/archive.sana.sy\/tr\/index.php?rest_route=\/wp\/v2\/types\/post"}],"author":[{"embeddable":true,"href":"https:\/\/archive.sana.sy\/tr\/index.php?rest_route=\/wp\/v2\/users\/1"}],"replies":[{"embeddable":true,"href":"https:\/\/archive.sana.sy\/tr\/index.php?rest_route=%2Fwp%2Fv2%2Fcomments&post=31451"}],"version-history":[{"count":0,"href":"https:\/\/archive.sana.sy\/tr\/index.php?rest_route=\/wp\/v2\/posts\/31451\/revisions"}],"wp:featuredmedia":[{"embeddable":true,"href":"https:\/\/archive.sana.sy\/tr\/index.php?rest_route=\/wp\/v2\/media\/31452"}],"wp:attachment":[{"href":"https:\/\/archive.sana.sy\/tr\/index.php?rest_route=%2Fwp%2Fv2%2Fmedia&parent=31451"}],"wp:term":[{"taxonomy":"category","embeddable":true,"href":"https:\/\/archive.sana.sy\/tr\/index.php?rest_route=%2Fwp%2Fv2%2Fcategories&post=31451"},{"taxonomy":"post_tag","embeddable":true,"href":"https:\/\/archive.sana.sy\/tr\/index.php?rest_route=%2Fwp%2Fv2%2Ftags&post=31451"}],"curies":[{"name":"wp","href":"https:\/\/api.w.org\/{rel}","templated":true}]}}