{"id":31454,"date":"2015-04-30T11:31:29","date_gmt":"2015-04-30T08:31:29","guid":{"rendered":"http:\/\/www.sana.sy\/tr\/?p=31454"},"modified":"2015-04-30T11:31:29","modified_gmt":"2015-04-30T08:31:29","slug":"suriye-ve-yemen-halklari-siyasi-geleceklerini-belirleyecekler","status":"publish","type":"post","link":"https:\/\/archive.sana.sy\/tr\/?p=31454","title":{"rendered":"Suriye ve Yemen Halklar\u0131 Siyasi Geleceklerini Belirleyecekler"},"content":{"rendered":"<p>NEW YORK \u2013 \u0130ran D\u0131\u015fi\u015fleri Bakan\u0131 Muhammed Cevat Zarif, Suriye ve Yemen halklar\u0131n\u0131n siyasi geleceklerini se\u00e7ecek tek taraf olacaklar\u0131n\u0131 belirtti.<\/p>\n<p>\u0130ran\u2019\u0131n FARS haber ajans\u0131 Zarif\u2019in d\u00fcn New York \u00dcniversitesinde yapt\u0131\u011f\u0131 konu\u015fmadan naklen, Suriye ve Yemen halklar\u0131n\u0131n gelece\u011fini sadece bu iki halk belirleyece\u011fini s\u00f6yledi.<\/p>\n<p>Zarif, Suudi rejiminin I\u015e\u0130D ter\u00f6r \u00f6rg\u00fct\u00fcne destek sundu\u011funu belirterek bu deste\u011fin b\u00f6lgede g\u00fcvenlik krizinin b\u00fcy\u00fcmesine yol a\u00e7aca\u011f\u0131n\u0131, ter\u00f6ristlerin saflar\u0131na her ay yeni olarak bin silahl\u0131n\u0131n kat\u0131ld\u0131\u011f\u0131na dikkat \u00e7ekti.<\/p>\n<p>Yemen\u2019e y\u00f6nelik Suudi sald\u0131r\u0131lar\u0131 k\u0131nayan Zarif, Suudi Arabistan\u2019\u0131n 4 kez \u00fcst \u00fcste Yemen halk\u0131na \u0130ran insani yard\u0131mlar\u0131n varmas\u0131n\u0131 menetti\u011fine i\u015faret etti.<\/p>\n<p>\u00dclkesinin d\u0131\u015f politikas\u0131 hakk\u0131nda ise Zarif, \u0130ran\u2019\u0131n orta do\u011fuda temel oyuncu oldu\u011funa i\u015faret ederek, b\u00f6lgede bar\u0131\u015f\u0131n, g\u00fcven ve istikrar\u0131n sa\u011flanmas\u0131 \u00e7aba g\u00f6steren ve b\u00fct\u00fcn kom\u015fular\u0131yla diyalog kurmaya \u00f6zen g\u00f6stermesiyle b\u00f6lgedeki rol\u00fcn\u00fcn g\u00f6z ard\u0131 edilemeyece\u011fini ifade etti.<\/p>\n<p>S.\u015e<\/p>\n","protected":false},"excerpt":{"rendered":"<p>NEW YORK \u2013 \u0130ran D\u0131\u015fi\u015fleri Bakan\u0131 Muhammed Cevat Zarif, Suriye ve Yemen halklar\u0131n\u0131n siyasi geleceklerini se\u00e7ecek tek taraf olacaklar\u0131n\u0131 belirtti. \u0130ran\u2019\u0131n FARS haber ajans\u0131 Zarif\u2019in d\u00fcn New York \u00dcniversitesinde yapt\u0131\u011f\u0131 konu\u015fmadan naklen, Suriye ve Yemen halklar\u0131n\u0131n gelece\u011fini sadece bu iki halk belirleyece\u011fini s\u00f6yledi. Zarif, Suudi rejiminin I\u015e\u0130D ter\u00f6r \u00f6rg\u00fct\u00fcne destek sundu\u011funu belirterek bu deste\u011fin b\u00f6lgede &hellip;<\/p>\n","protected":false},"author":1,"featured_media":31455,"comment_status":"closed","ping_status":"closed","sticky":false,"template":"","format":"standard","meta":{"footnotes":""},"categories":[458,459,447],"tags":[14197],"class_list":["post-31454","post","type-post","status-publish","format-standard","has-post-thumbnail","","category-dunya1","category-haberler-arap-uluslararasi-politika","category-politika","tag-suriye-ve-yemen-halklari-siyasi-geleceklerini-belirleyecekler"],"_links":{"self":[{"href":"https:\/\/archive.sana.sy\/tr\/index.php?rest_route=\/wp\/v2\/posts\/31454","targetHints":{"allow":["GET"]}}],"collection":[{"href":"https:\/\/archive.sana.sy\/tr\/index.php?rest_route=\/wp\/v2\/posts"}],"about":[{"href":"https:\/\/archive.sana.sy\/tr\/index.php?rest_route=\/wp\/v2\/types\/post"}],"author":[{"embeddable":true,"href":"https:\/\/archive.sana.sy\/tr\/index.php?rest_route=\/wp\/v2\/users\/1"}],"replies":[{"embeddable":true,"href":"https:\/\/archive.sana.sy\/tr\/index.php?rest_route=%2Fwp%2Fv2%2Fcomments&post=31454"}],"version-history":[{"count":0,"href":"https:\/\/archive.sana.sy\/tr\/index.php?rest_route=\/wp\/v2\/posts\/31454\/revisions"}],"wp:featuredmedia":[{"embeddable":true,"href":"https:\/\/archive.sana.sy\/tr\/index.php?rest_route=\/wp\/v2\/media\/31455"}],"wp:attachment":[{"href":"https:\/\/archive.sana.sy\/tr\/index.php?rest_route=%2Fwp%2Fv2%2Fmedia&parent=31454"}],"wp:term":[{"taxonomy":"category","embeddable":true,"href":"https:\/\/archive.sana.sy\/tr\/index.php?rest_route=%2Fwp%2Fv2%2Fcategories&post=31454"},{"taxonomy":"post_tag","embeddable":true,"href":"https:\/\/archive.sana.sy\/tr\/index.php?rest_route=%2Fwp%2Fv2%2Ftags&post=31454"}],"curies":[{"name":"wp","href":"https:\/\/api.w.org\/{rel}","templated":true}]}}