{"id":31459,"date":"2015-04-30T11:48:02","date_gmt":"2015-04-30T08:48:02","guid":{"rendered":"http:\/\/www.sana.sy\/tr\/?p=31459"},"modified":"2015-04-30T11:48:02","modified_gmt":"2015-04-30T08:48:02","slug":"suriyedeki-krizin-cozumu-icin-siyasi-surecin-baslatilmasi-imkaniyla-ilgili-gorus-alisverisinde-bulundular","status":"publish","type":"post","link":"https:\/\/archive.sana.sy\/tr\/?p=31459","title":{"rendered":"Suriye\u2019deki Krizin \u00c7\u00f6z\u00fcm\u00fc \u0130\u00e7in Siyasi S\u00fcrecin Ba\u015flat\u0131lmas\u0131 \u0130mkan\u0131yla \u0130lgili G\u00f6r\u00fc\u015f Al\u0131\u015fveri\u015finde Bulundular"},"content":{"rendered":"<p>MOSKOVA \u2013 Rusya D\u0131\u015fi\u015fleri Bakan\u0131 Sergey Lavrov, Amerikal\u0131 meslekta\u015f\u0131 John Kerry ile d\u00fczenledi\u011fi telefon g\u00f6r\u00fc\u015fmesinde Suriye, Yemen, Libya ve Ukrayna\u2019daki durumlar\u0131 ele ald\u0131.<\/p>\n<p>Rusya D\u0131\u015fi\u015fleri Bakanl\u0131\u011f\u0131 yay\u0131nlad\u0131\u011f\u0131 beyanda, Bakanlar Lavrov ve Kerry\u2019nin, Uluslararas\u0131 toplumun Suriye\u2019deki kriz i\u00e7in siyasi s\u00fcrecin ba\u015flat\u0131lmas\u0131 yolunda at\u0131labilecek ad\u0131mlarla ilgili g\u00f6r\u00fc\u015f al\u0131\u015fveri\u015finde bulunduklar\u0131n\u0131 a\u00e7\u0131klad\u0131.<\/p>\n<p>S.\u015e<\/p>\n","protected":false},"excerpt":{"rendered":"<p>MOSKOVA \u2013 Rusya D\u0131\u015fi\u015fleri Bakan\u0131 Sergey Lavrov, Amerikal\u0131 meslekta\u015f\u0131 John Kerry ile d\u00fczenledi\u011fi telefon g\u00f6r\u00fc\u015fmesinde Suriye, Yemen, Libya ve Ukrayna\u2019daki durumlar\u0131 ele ald\u0131. Rusya D\u0131\u015fi\u015fleri Bakanl\u0131\u011f\u0131 yay\u0131nlad\u0131\u011f\u0131 beyanda, Bakanlar Lavrov ve Kerry\u2019nin, Uluslararas\u0131 toplumun Suriye\u2019deki kriz i\u00e7in siyasi s\u00fcrecin ba\u015flat\u0131lmas\u0131 yolunda at\u0131labilecek ad\u0131mlarla ilgili g\u00f6r\u00fc\u015f al\u0131\u015fveri\u015finde bulunduklar\u0131n\u0131 a\u00e7\u0131klad\u0131. S.\u015e<\/p>\n","protected":false},"author":1,"featured_media":31460,"comment_status":"closed","ping_status":"closed","sticky":false,"template":"","format":"standard","meta":{"footnotes":""},"categories":[458,459,447],"tags":[14199],"class_list":["post-31459","post","type-post","status-publish","format-standard","has-post-thumbnail","","category-dunya1","category-haberler-arap-uluslararasi-politika","category-politika","tag-suriyedeki-krizin-cozumu-icin-siyasi-surecin-baslatilmasi-imkaniyla-ilgili-gorus-alisverisinde-bulundular"],"_links":{"self":[{"href":"https:\/\/archive.sana.sy\/tr\/index.php?rest_route=\/wp\/v2\/posts\/31459","targetHints":{"allow":["GET"]}}],"collection":[{"href":"https:\/\/archive.sana.sy\/tr\/index.php?rest_route=\/wp\/v2\/posts"}],"about":[{"href":"https:\/\/archive.sana.sy\/tr\/index.php?rest_route=\/wp\/v2\/types\/post"}],"author":[{"embeddable":true,"href":"https:\/\/archive.sana.sy\/tr\/index.php?rest_route=\/wp\/v2\/users\/1"}],"replies":[{"embeddable":true,"href":"https:\/\/archive.sana.sy\/tr\/index.php?rest_route=%2Fwp%2Fv2%2Fcomments&post=31459"}],"version-history":[{"count":0,"href":"https:\/\/archive.sana.sy\/tr\/index.php?rest_route=\/wp\/v2\/posts\/31459\/revisions"}],"wp:featuredmedia":[{"embeddable":true,"href":"https:\/\/archive.sana.sy\/tr\/index.php?rest_route=\/wp\/v2\/media\/31460"}],"wp:attachment":[{"href":"https:\/\/archive.sana.sy\/tr\/index.php?rest_route=%2Fwp%2Fv2%2Fmedia&parent=31459"}],"wp:term":[{"taxonomy":"category","embeddable":true,"href":"https:\/\/archive.sana.sy\/tr\/index.php?rest_route=%2Fwp%2Fv2%2Fcategories&post=31459"},{"taxonomy":"post_tag","embeddable":true,"href":"https:\/\/archive.sana.sy\/tr\/index.php?rest_route=%2Fwp%2Fv2%2Ftags&post=31459"}],"curies":[{"name":"wp","href":"https:\/\/api.w.org\/{rel}","templated":true}]}}