{"id":314595,"date":"2025-01-29T15:08:36","date_gmt":"2025-01-29T12:08:36","guid":{"rendered":"https:\/\/sana.sy\/tr\/?p=314595"},"modified":"2025-01-29T15:08:36","modified_gmt":"2025-01-29T12:08:36","slug":"sivil-savunma-savas-artiklarindan-1-060tan-fazla-patlamamis-muhimmat-paketi-iki-ay-icinde-imha-edildi","status":"publish","type":"post","link":"https:\/\/archive.sana.sy\/tr\/?p=314595","title":{"rendered":"Sivil Savunma: Sava\u015f Art\u0131klar\u0131ndan 1.060&#8217;tan Fazla Patlamam\u0131\u015f M\u00fchimmat paketi \u0130ki Ay \u0130\u00e7inde \u0130mha Edildi"},"content":{"rendered":"<p style=\"text-align: justify;\"><span style=\"color: #800000;\"><strong>\u015eAM (SANA)<\/strong><\/span> &#8211; Suriye Sivil Savunma ekipleri, Suriye&#8217;nin t\u00fcm illerinde sava\u015f kal\u0131nt\u0131lar\u0131ndan \u00e7\u0131kan 1.060&#8217;tan fazla patlamam\u0131\u015f m\u00fchimmat\u0131 imha etti.<\/p>\n<p style=\"text-align: justify;\">Sivil Savunma Vakf\u0131 bug\u00fcn resmi Telegram kanal\u0131nda yapt\u0131\u011f\u0131 payla\u015f\u0131mda \u015funlar\u0131 a\u00e7\u0131klad\u0131: \u2018\u2019Sivillerin korunmas\u0131 ve yerlerinden edildikleri b\u00f6lgelere ve evlerine geri d\u00f6nmelerinin sa\u011flanmas\u0131 amac\u0131yla 26 Kas\u0131m 2024 &#8211; 18 Ocak 2025 tarihleri \u200b\u200baras\u0131nda \u00e7e\u015fitli illerde 134 adet may\u0131n tarlas\u0131 tespit edilmi\u015ftir.\u2019\u2019<\/p>\n<div id='gallery-1' class='gallery galleryid-314595 gallery-columns-3 gallery-size-thumbnail'><figure class='gallery-item'>\n\t\t\t<div class='gallery-icon landscape'>\n\t\t\t\t<a href='https:\/\/archive.sana.sy\/tr\/?attachment_id=314597'><img loading=\"lazy\" decoding=\"async\" width=\"150\" height=\"150\" src=\"https:\/\/archive.sana.sy\/tr\/wp-content\/uploads\/2025\/01\/photo_2025-01-29_14-32-04-2-150x150.jpg\" class=\"attachment-thumbnail size-thumbnail\" alt=\"\" \/><\/a>\n\t\t\t<\/div><\/figure><figure class='gallery-item'>\n\t\t\t<div class='gallery-icon landscape'>\n\t\t\t\t<a href='https:\/\/archive.sana.sy\/tr\/?attachment_id=314598'><img loading=\"lazy\" decoding=\"async\" width=\"150\" height=\"150\" src=\"https:\/\/archive.sana.sy\/tr\/wp-content\/uploads\/2025\/01\/photo_2025-01-29_14-32-04-3-150x150.jpg\" class=\"attachment-thumbnail size-thumbnail\" alt=\"\" \/><\/a>\n\t\t\t<\/div><\/figure><figure class='gallery-item'>\n\t\t\t<div class='gallery-icon landscape'>\n\t\t\t\t<a href='https:\/\/archive.sana.sy\/tr\/?attachment_id=314599'><img loading=\"lazy\" decoding=\"async\" width=\"150\" height=\"150\" src=\"https:\/\/archive.sana.sy\/tr\/wp-content\/uploads\/2025\/01\/photo_2025-01-29_14-32-04-150x150.jpg\" class=\"attachment-thumbnail size-thumbnail\" alt=\"\" \/><\/a>\n\t\t\t<\/div><\/figure>\n\t\t<\/div>\n\n","protected":false},"excerpt":{"rendered":"<p>\u015eAM (SANA) &#8211; Suriye Sivil Savunma ekipleri, Suriye&#8217;nin t\u00fcm illerinde sava\u015f kal\u0131nt\u0131lar\u0131ndan \u00e7\u0131kan 1.060&#8217;tan fazla patlamam\u0131\u015f m\u00fchimmat\u0131 imha etti. Sivil Savunma Vakf\u0131 bug\u00fcn resmi Telegram kanal\u0131nda yapt\u0131\u011f\u0131 payla\u015f\u0131mda \u015funlar\u0131 a\u00e7\u0131klad\u0131: \u2018\u2019Sivillerin korunmas\u0131 ve yerlerinden edildikleri b\u00f6lgelere ve evlerine geri d\u00f6nmelerinin sa\u011flanmas\u0131 amac\u0131yla 26 Kas\u0131m 2024 &#8211; 18 Ocak 2025 tarihleri \u200b\u200baras\u0131nda \u00e7e\u015fitli illerde 134 adet &hellip;<\/p>\n","protected":false},"author":41,"featured_media":314596,"comment_status":"closed","ping_status":"closed","sticky":false,"template":"","format":"standard","meta":{"footnotes":""},"categories":[589,479,575,17988,478],"tags":[43244],"class_list":["post-314595","post","type-post","status-publish","format-standard","has-post-thumbnail","","category-haber-seridi","category-haberler-yerel","category-olaylar-ve-gercekler","category-son-haberler","category-yerel","tag-sivil-savunma-savas-artiklarindan-1-060tan-fazla-patlamamis-muhimmat-paketi-iki-ay-icinde-imha-edildi"],"_links":{"self":[{"href":"https:\/\/archive.sana.sy\/tr\/index.php?rest_route=\/wp\/v2\/posts\/314595","targetHints":{"allow":["GET"]}}],"collection":[{"href":"https:\/\/archive.sana.sy\/tr\/index.php?rest_route=\/wp\/v2\/posts"}],"about":[{"href":"https:\/\/archive.sana.sy\/tr\/index.php?rest_route=\/wp\/v2\/types\/post"}],"author":[{"embeddable":true,"href":"https:\/\/archive.sana.sy\/tr\/index.php?rest_route=\/wp\/v2\/users\/41"}],"replies":[{"embeddable":true,"href":"https:\/\/archive.sana.sy\/tr\/index.php?rest_route=%2Fwp%2Fv2%2Fcomments&post=314595"}],"version-history":[{"count":1,"href":"https:\/\/archive.sana.sy\/tr\/index.php?rest_route=\/wp\/v2\/posts\/314595\/revisions"}],"predecessor-version":[{"id":314600,"href":"https:\/\/archive.sana.sy\/tr\/index.php?rest_route=\/wp\/v2\/posts\/314595\/revisions\/314600"}],"wp:featuredmedia":[{"embeddable":true,"href":"https:\/\/archive.sana.sy\/tr\/index.php?rest_route=\/wp\/v2\/media\/314596"}],"wp:attachment":[{"href":"https:\/\/archive.sana.sy\/tr\/index.php?rest_route=%2Fwp%2Fv2%2Fmedia&parent=314595"}],"wp:term":[{"taxonomy":"category","embeddable":true,"href":"https:\/\/archive.sana.sy\/tr\/index.php?rest_route=%2Fwp%2Fv2%2Fcategories&post=314595"},{"taxonomy":"post_tag","embeddable":true,"href":"https:\/\/archive.sana.sy\/tr\/index.php?rest_route=%2Fwp%2Fv2%2Ftags&post=314595"}],"curies":[{"name":"wp","href":"https:\/\/api.w.org\/{rel}","templated":true}]}}