{"id":314732,"date":"2025-02-01T09:00:40","date_gmt":"2025-02-01T06:00:40","guid":{"rendered":"https:\/\/sana.sy\/tr\/?p=314732"},"modified":"2025-02-02T14:31:02","modified_gmt":"2025-02-02T11:31:02","slug":"cumhurbaskani-el-sara-cumhurbaskani-abbastan-cumhuriyet-baskanligini-devralmasi-vesilesiyle-tebrik-mesaji-aldi","status":"publish","type":"post","link":"https:\/\/archive.sana.sy\/tr\/?p=314732","title":{"rendered":"Cumhurba\u015fkan\u0131 El \u015eara, Cumhurba\u015fkan\u0131 Abbas&#8217;tan Cumhuriyet Ba\u015fkanl\u0131\u011f\u0131n\u0131 Devralmas\u0131 Vesilesiyle Tebrik Mesaj\u0131 Ald\u0131"},"content":{"rendered":"<p style=\"text-align: justify;\"><strong>\u015eAM (SANA)<\/strong> \u2013 Suriye Arap Cumhuriyeti Cumhurba\u015fkan\u0131 Say\u0131n Ahmed El \u015earar Filistin Devlet Ba\u015fkan\u0131 Mahmud Abbas&#8217;tan, Say\u0131n El \u015eara&#8217;y\u0131 cumhurba\u015fkanl\u0131\u011f\u0131 g\u00f6revini \u00fcstlenmesinden dolay\u0131 tebrik eden ve iki \u00fclke aras\u0131ndaki karde\u015flik ve tarihi ili\u015fkilerin g\u00fc\u00e7lendirilmesinin \u00f6nemini vurgulayan bir tebrik mesaj\u0131 ald\u0131.<\/p>\n<p>&nbsp;<\/p>\n","protected":false},"excerpt":{"rendered":"<p>\u015eAM (SANA) \u2013 Suriye Arap Cumhuriyeti Cumhurba\u015fkan\u0131 Say\u0131n Ahmed El \u015earar Filistin Devlet Ba\u015fkan\u0131 Mahmud Abbas&#8217;tan, Say\u0131n El \u015eara&#8217;y\u0131 cumhurba\u015fkanl\u0131\u011f\u0131 g\u00f6revini \u00fcstlenmesinden dolay\u0131 tebrik eden ve iki \u00fclke aras\u0131ndaki karde\u015flik ve tarihi ili\u015fkilerin g\u00fc\u00e7lendirilmesinin \u00f6nemini vurgulayan bir tebrik mesaj\u0131 ald\u0131. &nbsp;<\/p>\n","protected":false},"author":44,"featured_media":314733,"comment_status":"closed","ping_status":"closed","sticky":false,"template":"","format":"standard","meta":{"footnotes":""},"categories":[589,479,17988,478],"tags":[43267,43266],"class_list":["post-314732","post","type-post","status-publish","format-standard","has-post-thumbnail","","category-haber-seridi","category-haberler-yerel","category-son-haberler","category-yerel","tag-cumhurbaskani-abbastan-cumhuriyet-baskanligini-devralmasi-vesilesiyle-tebrik-mesaji-aldi","tag-cumhurbaskani-el-sara"],"_links":{"self":[{"href":"https:\/\/archive.sana.sy\/tr\/index.php?rest_route=\/wp\/v2\/posts\/314732","targetHints":{"allow":["GET"]}}],"collection":[{"href":"https:\/\/archive.sana.sy\/tr\/index.php?rest_route=\/wp\/v2\/posts"}],"about":[{"href":"https:\/\/archive.sana.sy\/tr\/index.php?rest_route=\/wp\/v2\/types\/post"}],"author":[{"embeddable":true,"href":"https:\/\/archive.sana.sy\/tr\/index.php?rest_route=\/wp\/v2\/users\/44"}],"replies":[{"embeddable":true,"href":"https:\/\/archive.sana.sy\/tr\/index.php?rest_route=%2Fwp%2Fv2%2Fcomments&post=314732"}],"version-history":[{"count":1,"href":"https:\/\/archive.sana.sy\/tr\/index.php?rest_route=\/wp\/v2\/posts\/314732\/revisions"}],"predecessor-version":[{"id":314734,"href":"https:\/\/archive.sana.sy\/tr\/index.php?rest_route=\/wp\/v2\/posts\/314732\/revisions\/314734"}],"wp:featuredmedia":[{"embeddable":true,"href":"https:\/\/archive.sana.sy\/tr\/index.php?rest_route=\/wp\/v2\/media\/314733"}],"wp:attachment":[{"href":"https:\/\/archive.sana.sy\/tr\/index.php?rest_route=%2Fwp%2Fv2%2Fmedia&parent=314732"}],"wp:term":[{"taxonomy":"category","embeddable":true,"href":"https:\/\/archive.sana.sy\/tr\/index.php?rest_route=%2Fwp%2Fv2%2Fcategories&post=314732"},{"taxonomy":"post_tag","embeddable":true,"href":"https:\/\/archive.sana.sy\/tr\/index.php?rest_route=%2Fwp%2Fv2%2Ftags&post=314732"}],"curies":[{"name":"wp","href":"https:\/\/api.w.org\/{rel}","templated":true}]}}