{"id":314735,"date":"2025-02-01T09:37:47","date_gmt":"2025-02-01T06:37:47","guid":{"rendered":"https:\/\/sana.sy\/tr\/?p=314735"},"modified":"2025-02-02T14:31:35","modified_gmt":"2025-02-02T11:31:35","slug":"cumhurbaskani-sisi-cumhurbaskani-el-sarayi-suriye-arap-cumhuriyeti-baskanligini-ustlenmesinden-dolayi-tebrik-etti","status":"publish","type":"post","link":"https:\/\/archive.sana.sy\/tr\/?p=314735","title":{"rendered":"Cumhurba\u015fkan\u0131 El Sisi, Cumhurba\u015fkan\u0131 El \u015eara&#8217;y\u0131 Suriye Arap Cumhuriyeti Ba\u015fkanl\u0131\u011f\u0131n\u0131 \u00dcstlenmesinden Dolay\u0131 Tebrik Etti"},"content":{"rendered":"<p style=\"text-align: justify;\"><span style=\"color: #800000;\"><strong>\u015eAM (SANA) &#8211;<\/strong> <\/span>M\u0131s\u0131r Arap Cumhuriyeti Cumhurba\u015fkan\u0131 Abdulfettah El Sisi, Suriye Arap Cumhuriyeti Cumhurba\u015fkan\u0131 Say\u0131n Ahmed El \u015eara&#8217;n\u0131n cumhurba\u015fkanl\u0131\u011f\u0131 g\u00f6revini devralmas\u0131 dolay\u0131s\u0131yla tebrikte bulundu.<\/p>\n<p style=\"text-align: justify;\">Cumhurba\u015fkan\u0131 El Sisi, Cumhurba\u015fkan\u0131 \u015eara&#8217;n\u0131n Suriye halk\u0131n\u0131n ilerleme ve refah y\u00f6n\u00fcndeki beklentilerini ger\u00e7ekle\u015ftirmede ba\u015far\u0131l\u0131 olmas\u0131n\u0131 diledi.<\/p>\n","protected":false},"excerpt":{"rendered":"<p>\u015eAM (SANA) &#8211; M\u0131s\u0131r Arap Cumhuriyeti Cumhurba\u015fkan\u0131 Abdulfettah El Sisi, Suriye Arap Cumhuriyeti Cumhurba\u015fkan\u0131 Say\u0131n Ahmed El \u015eara&#8217;n\u0131n cumhurba\u015fkanl\u0131\u011f\u0131 g\u00f6revini devralmas\u0131 dolay\u0131s\u0131yla tebrikte bulundu. Cumhurba\u015fkan\u0131 El Sisi, Cumhurba\u015fkan\u0131 \u015eara&#8217;n\u0131n Suriye halk\u0131n\u0131n ilerleme ve refah y\u00f6n\u00fcndeki beklentilerini ger\u00e7ekle\u015ftirmede ba\u015far\u0131l\u0131 olmas\u0131n\u0131 diledi.<\/p>\n","protected":false},"author":44,"featured_media":314736,"comment_status":"closed","ping_status":"closed","sticky":false,"template":"","format":"standard","meta":{"footnotes":""},"categories":[589,479,17988,478],"tags":[43269,43268],"class_list":["post-314735","post","type-post","status-publish","format-standard","has-post-thumbnail","","category-haber-seridi","category-haberler-yerel","category-son-haberler","category-yerel","tag-cumhurbaskani-el-sarayi-suriye-arap-cumhuriyeti-baskanligini-ustlenmesinden-dolayi-tebrik-etti","tag-cumhurbaskani-sisi"],"_links":{"self":[{"href":"https:\/\/archive.sana.sy\/tr\/index.php?rest_route=\/wp\/v2\/posts\/314735","targetHints":{"allow":["GET"]}}],"collection":[{"href":"https:\/\/archive.sana.sy\/tr\/index.php?rest_route=\/wp\/v2\/posts"}],"about":[{"href":"https:\/\/archive.sana.sy\/tr\/index.php?rest_route=\/wp\/v2\/types\/post"}],"author":[{"embeddable":true,"href":"https:\/\/archive.sana.sy\/tr\/index.php?rest_route=\/wp\/v2\/users\/44"}],"replies":[{"embeddable":true,"href":"https:\/\/archive.sana.sy\/tr\/index.php?rest_route=%2Fwp%2Fv2%2Fcomments&post=314735"}],"version-history":[{"count":2,"href":"https:\/\/archive.sana.sy\/tr\/index.php?rest_route=\/wp\/v2\/posts\/314735\/revisions"}],"predecessor-version":[{"id":314795,"href":"https:\/\/archive.sana.sy\/tr\/index.php?rest_route=\/wp\/v2\/posts\/314735\/revisions\/314795"}],"wp:featuredmedia":[{"embeddable":true,"href":"https:\/\/archive.sana.sy\/tr\/index.php?rest_route=\/wp\/v2\/media\/314736"}],"wp:attachment":[{"href":"https:\/\/archive.sana.sy\/tr\/index.php?rest_route=%2Fwp%2Fv2%2Fmedia&parent=314735"}],"wp:term":[{"taxonomy":"category","embeddable":true,"href":"https:\/\/archive.sana.sy\/tr\/index.php?rest_route=%2Fwp%2Fv2%2Fcategories&post=314735"},{"taxonomy":"post_tag","embeddable":true,"href":"https:\/\/archive.sana.sy\/tr\/index.php?rest_route=%2Fwp%2Fv2%2Ftags&post=314735"}],"curies":[{"name":"wp","href":"https:\/\/api.w.org\/{rel}","templated":true}]}}