{"id":314752,"date":"2025-02-01T07:00:22","date_gmt":"2025-02-01T04:00:22","guid":{"rendered":"https:\/\/sana.sy\/tr\/?p=314752"},"modified":"2025-02-01T10:34:41","modified_gmt":"2025-02-01T07:34:41","slug":"tuggeneral-atef-necib-tutuklandi","status":"publish","type":"post","link":"https:\/\/archive.sana.sy\/tr\/?p=314752","title":{"rendered":"Tu\u011fgeneral Atef Necib Tutukland\u0131"},"content":{"rendered":"<p style=\"text-align: justify;\"><span style=\"color: #800000;\"><strong>LAZK<\/strong><strong>\u0130YE (SANA)<\/strong> &#8211;<\/span> Lazkiye Valili\u011fi Kamu G\u00fcvenli\u011fi M\u00fcd\u00fcrl\u00fc\u011f\u00fc M\u00fcd\u00fcr\u00fc Yarbay Mustafa Knefati \u015funlar\u0131 s\u00f6yledi: Lazkiye Kamu G\u00fcvenli\u011fi M\u00fcd\u00fcrl\u00fc\u011f\u00fc, askeri g\u00fc\u00e7lerle i\u015fbirli\u011fi yaparak d\u00fczenledi\u011fi nitelikli operasyonda, Dera Siyasi G\u00fcvenlik \u015eubesi Ba\u015fkan\u0131 Tu\u011fgeneral At\u0131f Necib&#8217;i g\u00f6zalt\u0131na ald\u0131.<\/p>\n<p style=\"text-align: justify;\">Yarbay Mustafa Knefati ayr\u0131ca, &#8221;Necib&#8217;in Suriye halk\u0131na kar\u015f\u0131 su\u00e7 i\u015fledi\u011fi de\u011ferlendiriliyor ve bu ad\u0131m, yetkililerin Suriye halk\u0131na kar\u015f\u0131 ihlallerde bulunanlardan hesap sorma ve b\u00f6lgede g\u00fcvenlik ve istikrar\u0131 art\u0131rma \u00e7abalar\u0131 \u00e7er\u00e7evesinde geliyor&#8221; ifadelerini kulland\u0131.<\/p>\n<p style=\"text-align: justify;\">Yarbay Mustafa Knefati, &#8221;Su\u00e7lu Atef Necib, Suriye halk\u0131na kar\u015f\u0131 i\u015fledi\u011fi su\u00e7lardan dolay\u0131 yarg\u0131lanmak ve hesap vermek \u00fczere ilgili makamlara teslim edildi&#8221; ifadelerini de a\u00e7\u0131klamas\u0131na ekledi.<\/p>\n","protected":false},"excerpt":{"rendered":"<p>LAZK\u0130YE (SANA) &#8211; Lazkiye Valili\u011fi Kamu G\u00fcvenli\u011fi M\u00fcd\u00fcrl\u00fc\u011f\u00fc M\u00fcd\u00fcr\u00fc Yarbay Mustafa Knefati \u015funlar\u0131 s\u00f6yledi: Lazkiye Kamu G\u00fcvenli\u011fi M\u00fcd\u00fcrl\u00fc\u011f\u00fc, askeri g\u00fc\u00e7lerle i\u015fbirli\u011fi yaparak d\u00fczenledi\u011fi nitelikli operasyonda, Dera Siyasi G\u00fcvenlik \u015eubesi Ba\u015fkan\u0131 Tu\u011fgeneral At\u0131f Necib&#8217;i g\u00f6zalt\u0131na ald\u0131. Yarbay Mustafa Knefati ayr\u0131ca, &#8221;Necib&#8217;in Suriye halk\u0131na kar\u015f\u0131 su\u00e7 i\u015fledi\u011fi de\u011ferlendiriliyor ve bu ad\u0131m, yetkililerin Suriye halk\u0131na kar\u015f\u0131 ihlallerde bulunanlardan &hellip;<\/p>\n","protected":false},"author":44,"featured_media":0,"comment_status":"closed","ping_status":"closed","sticky":false,"template":"","format":"standard","meta":{"footnotes":""},"categories":[589,479,17988,478],"tags":[43273],"class_list":["post-314752","post","type-post","status-publish","format-standard","","category-haber-seridi","category-haberler-yerel","category-son-haberler","category-yerel","tag-tuggeneral-atef-necib-tutuklandi"],"_links":{"self":[{"href":"https:\/\/archive.sana.sy\/tr\/index.php?rest_route=\/wp\/v2\/posts\/314752","targetHints":{"allow":["GET"]}}],"collection":[{"href":"https:\/\/archive.sana.sy\/tr\/index.php?rest_route=\/wp\/v2\/posts"}],"about":[{"href":"https:\/\/archive.sana.sy\/tr\/index.php?rest_route=\/wp\/v2\/types\/post"}],"author":[{"embeddable":true,"href":"https:\/\/archive.sana.sy\/tr\/index.php?rest_route=\/wp\/v2\/users\/44"}],"replies":[{"embeddable":true,"href":"https:\/\/archive.sana.sy\/tr\/index.php?rest_route=%2Fwp%2Fv2%2Fcomments&post=314752"}],"version-history":[{"count":1,"href":"https:\/\/archive.sana.sy\/tr\/index.php?rest_route=\/wp\/v2\/posts\/314752\/revisions"}],"predecessor-version":[{"id":314753,"href":"https:\/\/archive.sana.sy\/tr\/index.php?rest_route=\/wp\/v2\/posts\/314752\/revisions\/314753"}],"wp:attachment":[{"href":"https:\/\/archive.sana.sy\/tr\/index.php?rest_route=%2Fwp%2Fv2%2Fmedia&parent=314752"}],"wp:term":[{"taxonomy":"category","embeddable":true,"href":"https:\/\/archive.sana.sy\/tr\/index.php?rest_route=%2Fwp%2Fv2%2Fcategories&post=314752"},{"taxonomy":"post_tag","embeddable":true,"href":"https:\/\/archive.sana.sy\/tr\/index.php?rest_route=%2Fwp%2Fv2%2Ftags&post=314752"}],"curies":[{"name":"wp","href":"https:\/\/api.w.org\/{rel}","templated":true}]}}