{"id":31480,"date":"2015-04-30T14:07:40","date_gmt":"2015-04-30T11:07:40","guid":{"rendered":"http:\/\/www.sana.sy\/tr\/?p=31480"},"modified":"2015-04-30T14:07:40","modified_gmt":"2015-04-30T11:07:40","slug":"zehra-semtinde-yasam-normal-seyrinde","status":"publish","type":"post","link":"https:\/\/archive.sana.sy\/tr\/?p=31480","title":{"rendered":"Zehra Semtinde Ya\u015fam Normal Seyrinde"},"content":{"rendered":"<p>HOMS \u2013 Homs Valisi Telal el Berazi ter\u00f6r provokat\u00f6r\u00fc kimi medya ara\u00e7lar\u0131n\u0131n Homs Kentinin Zehra Semtine ili\u015fkin yayd\u0131klar\u0131 spek\u00fclasyonlar\u0131n asl\u0131 ger\u00e7e\u011fi olmad\u0131\u011f\u0131n\u0131, semt ve ahalisinin gayet normal bir \u015fekilde g\u00fcnl\u00fck ya\u015famlar\u0131n\u0131 s\u00fcrd\u00fcrd\u00fcklerini belirtti.<\/p>\n<p>Vali Berazi bug\u00fcn yapt\u0131\u011f\u0131 bas\u0131n a\u00e7\u0131klamas\u0131nda semtte g\u00fcvenlik yada askeri eylemlerin oldu\u011fu y\u00f6n\u00fcndeki haberlerin hi\u00e7bir asl\u0131 ger\u00e7e\u011fi olmad\u0131\u011f\u0131n\u0131 ifade ederken, ter\u00f6r yanl\u0131s\u0131 medya ara\u00e7lar\u0131n\u0131n Suriye&#8217;ye y\u00f6nelik medyatik ve psikolojik sava\u015fa kar\u015f\u0131 teyakkuzda kalman\u0131n \u00f6nemine dikkat \u00e7ekti.<\/p>\n<p>A.A.<\/p>\n","protected":false},"excerpt":{"rendered":"<p>HOMS \u2013 Homs Valisi Telal el Berazi ter\u00f6r provokat\u00f6r\u00fc kimi medya ara\u00e7lar\u0131n\u0131n Homs Kentinin Zehra Semtine ili\u015fkin yayd\u0131klar\u0131 spek\u00fclasyonlar\u0131n asl\u0131 ger\u00e7e\u011fi olmad\u0131\u011f\u0131n\u0131, semt ve ahalisinin gayet normal bir \u015fekilde g\u00fcnl\u00fck ya\u015famlar\u0131n\u0131 s\u00fcrd\u00fcrd\u00fcklerini belirtti. Vali Berazi bug\u00fcn yapt\u0131\u011f\u0131 bas\u0131n a\u00e7\u0131klamas\u0131nda semtte g\u00fcvenlik yada askeri eylemlerin oldu\u011fu y\u00f6n\u00fcndeki haberlerin hi\u00e7bir asl\u0131 ger\u00e7e\u011fi olmad\u0131\u011f\u0131n\u0131 ifade ederken, ter\u00f6r yanl\u0131s\u0131 &hellip;<\/p>\n","protected":false},"author":1,"featured_media":31481,"comment_status":"closed","ping_status":"closed","sticky":false,"template":"","format":"standard","meta":{"footnotes":""},"categories":[479,575,478],"tags":[14201,14202],"class_list":["post-31480","post","type-post","status-publish","format-standard","has-post-thumbnail","","category-haberler-yerel","category-olaylar-ve-gercekler","category-yerel","tag-homs-homs-valisi-telal-el-berazi-teror-provokatoru-kimi-medya-araclarinin-homs-kentinin-zehra-semtine-iliskin-yaydiklari-spekulasyonlarin-asli-gercegi-olmadigini","tag-semt-ve-ahalisinin-gayet-normal-bir-sekilde-gunluk-yasamlarini-surdurduklerini-belirtti"],"_links":{"self":[{"href":"https:\/\/archive.sana.sy\/tr\/index.php?rest_route=\/wp\/v2\/posts\/31480","targetHints":{"allow":["GET"]}}],"collection":[{"href":"https:\/\/archive.sana.sy\/tr\/index.php?rest_route=\/wp\/v2\/posts"}],"about":[{"href":"https:\/\/archive.sana.sy\/tr\/index.php?rest_route=\/wp\/v2\/types\/post"}],"author":[{"embeddable":true,"href":"https:\/\/archive.sana.sy\/tr\/index.php?rest_route=\/wp\/v2\/users\/1"}],"replies":[{"embeddable":true,"href":"https:\/\/archive.sana.sy\/tr\/index.php?rest_route=%2Fwp%2Fv2%2Fcomments&post=31480"}],"version-history":[{"count":0,"href":"https:\/\/archive.sana.sy\/tr\/index.php?rest_route=\/wp\/v2\/posts\/31480\/revisions"}],"wp:featuredmedia":[{"embeddable":true,"href":"https:\/\/archive.sana.sy\/tr\/index.php?rest_route=\/wp\/v2\/media\/31481"}],"wp:attachment":[{"href":"https:\/\/archive.sana.sy\/tr\/index.php?rest_route=%2Fwp%2Fv2%2Fmedia&parent=31480"}],"wp:term":[{"taxonomy":"category","embeddable":true,"href":"https:\/\/archive.sana.sy\/tr\/index.php?rest_route=%2Fwp%2Fv2%2Fcategories&post=31480"},{"taxonomy":"post_tag","embeddable":true,"href":"https:\/\/archive.sana.sy\/tr\/index.php?rest_route=%2Fwp%2Fv2%2Ftags&post=31480"}],"curies":[{"name":"wp","href":"https:\/\/api.w.org\/{rel}","templated":true}]}}