{"id":314815,"date":"2025-02-02T13:05:12","date_gmt":"2025-02-02T10:05:12","guid":{"rendered":"https:\/\/sana.sy\/tr\/?p=314815"},"modified":"2025-02-02T18:13:28","modified_gmt":"2025-02-02T15:13:28","slug":"sam-universitesi-ve-subelerinde-yaklasik-173-bin-ogrenci-birinci-donem-sinavlarina-giriyor","status":"publish","type":"post","link":"https:\/\/archive.sana.sy\/tr\/?p=314815","title":{"rendered":"Devlet \u00dcniversitelerinde 2024-2025 E\u011fitim \u00d6\u011fretim Y\u0131l\u0131 Birinci D\u00f6nem S\u0131navlar\u0131 Ba\u015flad\u0131"},"content":{"rendered":"<p style=\"text-align: justify;\"><span style=\"color: #800000;\"><strong>\u015eAM (SANA)<\/strong> <\/span>&#8211;\u00a0\u00a0Suriye kamu \u00fcniversitelerinde 2024-2025 e\u011fitim \u00f6\u011fretim y\u0131l\u0131 birinci d\u00f6nem s\u0131navlar\u0131 bu sabah ba\u015flad\u0131 ve \u00f6n\u00fcm\u00fczdeki mart ay\u0131n\u0131n 6&#8217;s\u0131na kadar devam edecek.<\/p>\n<p style=\"text-align: justify;\"><img loading=\"lazy\" decoding=\"async\" class=\"size-full wp-image-314832 alignright\" src=\"http:\/\/sana.sy\/tr\/wp-content\/uploads\/2025\/02\/5-300x200-1.jpg\" alt=\"\" width=\"300\" height=\"200\" \/>\u015eam \u00dcniversitesi \u0130\u015fletme Y\u00f6netim Kurulu \u00dcyesi Dr. Muhammed Turko, SANA&#8217;ya yapt\u0131\u011f\u0131 a\u00e7\u0131klamada \u015funlar\u0131 s\u00f6yledi: \u2018\u2019\u015eam&#8217;\u0131n Dera, S\u00fcveyde ve Kuneytra vilayetlerindeki fak\u00fclte ve \u015fubelerinde yakla\u015f\u0131k 173 bin erkek ve k\u0131z \u00f6\u011frenci s\u0131nava giriyor. Komite, Y\u00fcksek\u00f6\u011fretim ve Bilimsel Ara\u015ft\u0131rma Bakanl\u0131\u011f\u0131 taraf\u0131ndan \u00e7\u0131kar\u0131lan denetimler \u00e7er\u00e7evesinde, \u00dcniversite Konseyi taraf\u0131ndan yay\u0131mlanan d\u00fczenleyici talimatlar \u00e7er\u00e7evesinde en iyi \u015fekilde faaliyet g\u00f6stermesini sa\u011flamak i\u00e7in gerekli t\u00fcm \u00f6nlemleri alm\u0131\u015ft\u0131r.\u2019\u2019<\/p>\n<p style=\"text-align: justify;\">Dr. Turko ayr\u0131ca, \u00dcniversite \u0130\u015fletme Y\u00f6netim Kurulu&#8217;nun, \u00f6\u011frenciler i\u00e7in konforlu bir ortam yarat\u0131lmas\u0131, s\u0131nav salonlar\u0131 ve dersliklerin gerekli malzemelerle donat\u0131lmas\u0131, s\u0131nav programlar\u0131n\u0131n ve \u00e7izelgelerinin yay\u0131nlanmas\u0131 konusunda fak\u00fclte y\u00f6netimine talimat verdi\u011fini belirtti.<\/p>\n<p style=\"text-align: justify;\">\u015eam \u00dcniversitesi, \u015eam&#8217;da 18 fak\u00fclte, Dera&#8217;daki \u015fubesinde 6 fak\u00fclte, S\u00fcveyde&#8217;de 7 fak\u00fclte ve Kuneytra&#8217;da 5 fak\u00fclteden olu\u015fmaktad\u0131r.<\/p>\n<p style=\"text-align: justify;\"><img loading=\"lazy\" decoding=\"async\" class=\"size-full wp-image-314833 alignright\" src=\"http:\/\/sana.sy\/tr\/wp-content\/uploads\/2025\/02\/3-300x200-1.jpg\" alt=\"\" width=\"300\" height=\"200\" \/>\u00dcniversite \u015eube Ba\u015fkan\u0131 Dr. \u015eevki El Re\u015fid&#8217;in verdi\u011fi bilgiye g\u00f6re, Dera&#8217;da hukuk, ekonomi, sanat, be\u015feri bilimler, e\u011fitim, fen ve veterinerlik fak\u00fcltelerine da\u011f\u0131t\u0131lan bu s\u0131navlara 14 bin 266 erkek ve kad\u0131n \u00f6\u011frenci kat\u0131ld\u0131. \u200f<\/p>\n<p style=\"text-align: justify;\">\u00dcniversitenin Kuneytra \u015eube M\u00fcd\u00fcr\u00fc Dr. Halil Yahya, SANA&#8217;ya yapt\u0131\u011f\u0131 a\u00e7\u0131klamada, E\u011fitim, Hukuk, Ekonomi, Ziraat ve Fen Bilimleri olmak \u00fczere d\u00f6rd\u00fcnc\u00fc fak\u00fclteler i\u00e7in kadro, dan\u0131\u015fman ve s\u0131nav sorular\u0131n\u0131n temin edildi\u011fini s\u00f6yledi. \u200f<\/p>\n<p style=\"text-align: justify;\">\u015eam&#8217;\u0131n Baramkeh b\u00f6lgesindeki SANA acentesi \u00f6n\u00fcnden Salam kentine ve tersi y\u00f6nde \u00f6\u011frencilerin ta\u015f\u0131nmas\u0131 i\u00e7in valilikle i\u015fbirli\u011fi yap\u0131larak g\u00fcnde iki sefer olmak \u00fczere otob\u00fcs temin edildi\u011fine dikkat \u00e7ekerek, \u015fubedeki \u00f6\u011frenci say\u0131s\u0131n\u0131n erkek ve k\u0131z olmak \u00fczere 6175 oldu\u011funu kaydetti.<\/p>\n<p style=\"text-align: justify;\"><img loading=\"lazy\" decoding=\"async\" class=\"size-full wp-image-314834 alignright\" src=\"http:\/\/sana.sy\/tr\/wp-content\/uploads\/2025\/02\/0-300x203-1.jpg\" alt=\"\" width=\"300\" height=\"203\" srcset=\"https:\/\/archive.sana.sy\/tr\/wp-content\/uploads\/2025\/02\/0-300x203-1.jpg 300w, https:\/\/archive.sana.sy\/tr\/wp-content\/uploads\/2025\/02\/0-300x203-1-110x75.jpg 110w\" sizes=\"auto, (max-width: 300px) 100vw, 300px\" \/>Humus&#8217;ta \u00dcniversite \u0130\u015fletme Y\u00f6netim Kurulu, \u00dcniversite Konseyi taraf\u0131ndan yay\u0131mlanan d\u00fczenleyici talimatlar \u00e7er\u00e7evesinde s\u0131navlar\u0131n en iyi \u015fekilde y\u00fcr\u00fct\u00fclmesini sa\u011flamak i\u00e7in gerekli t\u00fcm tedbirleri ald\u0131klar\u0131n\u0131 a\u00e7\u0131klad\u0131.<\/p>\n<p style=\"text-align: justify;\">S\u0131nav komisyonu, sorular\u0131n objektif ve a\u00e7\u0131k olmas\u0131, farkl\u0131 seviyeleri g\u00f6z \u00f6n\u00fcnde bulundurmas\u0131, her s\u0131nav i\u00e7in yeterli s\u00fcre verilmesi gerekti\u011fini vurgularken, \u00f6\u011fretim \u00fcyelerinin \u00f6\u011frencilerin sorular\u0131n\u0131 yan\u0131tlamak i\u00e7in salonda bulunmas\u0131 gerekti\u011fini belirtti.<\/p>\n<p style=\"text-align: justify;\">S\u0131nav komisyonu, \u00f6\u011frencilere s\u0131navlarda ba\u015far\u0131 ve \u00fcst\u00fcn ba\u015far\u0131lar dileyerek, kendilerine verilebilecek cezalardan korunmak i\u00e7in t\u00fcm \u00f6\u011frencilere s\u0131nav y\u00f6netmeli\u011fine tam olarak uymalar\u0131 ve s\u0131nav ihlallerinden ka\u00e7\u0131nmalar\u0131 da\u00a0 \u00e7a\u011fr\u0131s\u0131nda bulundu.<\/p>\n<p style=\"text-align: justify;\">Lazkiye \u00dcniversitesi \u0130dari ve \u00d6\u011frenci \u0130\u015fleri Ba\u015fkan Yard\u0131mc\u0131s\u0131 Dr. \u0130yad Fahsa ise, SANA muhabirine yapt\u0131\u011f\u0131 a\u00e7\u0131klamada, s\u0131navlar\u0131n bir ay s\u00fcrece\u011fini ve s\u0131navlara 80 bin erkek ve k\u0131z \u00f6\u011frencinin kat\u0131laca\u011f\u0131n\u0131 ifade ettiler.<\/p>\n<p style=\"text-align: justify;\">Fasha ayr\u0131ca, \u00fcniversite y\u00f6netiminin s\u0131nav s\u00fcrecinin ba\u015far\u0131s\u0131 i\u00e7in soru ve s\u0131nav ka\u011f\u0131tlar\u0131n\u0131n haz\u0131rlanmas\u0131, s\u00fcrecin en iyi \u015fekilde ilerlemesi i\u00e7in gerekli t\u00fcm \u015fartlar\u0131 sa\u011flad\u0131\u011f\u0131n\u0131 belirtti.<\/p>\n","protected":false},"excerpt":{"rendered":"<p>\u015eAM (SANA) &#8211;\u00a0\u00a0Suriye kamu \u00fcniversitelerinde 2024-2025 e\u011fitim \u00f6\u011fretim y\u0131l\u0131 birinci d\u00f6nem s\u0131navlar\u0131 bu sabah ba\u015flad\u0131 ve \u00f6n\u00fcm\u00fczdeki mart ay\u0131n\u0131n 6&#8217;s\u0131na kadar devam edecek. \u015eam \u00dcniversitesi \u0130\u015fletme Y\u00f6netim Kurulu \u00dcyesi Dr. Muhammed Turko, SANA&#8217;ya yapt\u0131\u011f\u0131 a\u00e7\u0131klamada \u015funlar\u0131 s\u00f6yledi: \u2018\u2019\u015eam&#8217;\u0131n Dera, S\u00fcveyde ve Kuneytra vilayetlerindeki fak\u00fclte ve \u015fubelerinde yakla\u015f\u0131k 173 bin erkek ve k\u0131z \u00f6\u011frenci s\u0131nava giriyor. &hellip;<\/p>\n","protected":false},"author":39,"featured_media":314816,"comment_status":"closed","ping_status":"closed","sticky":false,"template":"","format":"standard","meta":{"footnotes":""},"categories":[589,526,479,17988,525,478],"tags":[19043,38641],"class_list":["post-314815","post","type-post","status-publish","format-standard","has-post-thumbnail","","category-haber-seridi","category-haber-ve-raporlar","category-haberler-yerel","category-son-haberler","category-toplum","category-yerel","tag-suriyede-son-durum","tag-suriyede-son-gelimeler"],"_links":{"self":[{"href":"https:\/\/archive.sana.sy\/tr\/index.php?rest_route=\/wp\/v2\/posts\/314815","targetHints":{"allow":["GET"]}}],"collection":[{"href":"https:\/\/archive.sana.sy\/tr\/index.php?rest_route=\/wp\/v2\/posts"}],"about":[{"href":"https:\/\/archive.sana.sy\/tr\/index.php?rest_route=\/wp\/v2\/types\/post"}],"author":[{"embeddable":true,"href":"https:\/\/archive.sana.sy\/tr\/index.php?rest_route=\/wp\/v2\/users\/39"}],"replies":[{"embeddable":true,"href":"https:\/\/archive.sana.sy\/tr\/index.php?rest_route=%2Fwp%2Fv2%2Fcomments&post=314815"}],"version-history":[{"count":7,"href":"https:\/\/archive.sana.sy\/tr\/index.php?rest_route=\/wp\/v2\/posts\/314815\/revisions"}],"predecessor-version":[{"id":314855,"href":"https:\/\/archive.sana.sy\/tr\/index.php?rest_route=\/wp\/v2\/posts\/314815\/revisions\/314855"}],"wp:featuredmedia":[{"embeddable":true,"href":"https:\/\/archive.sana.sy\/tr\/index.php?rest_route=\/wp\/v2\/media\/314816"}],"wp:attachment":[{"href":"https:\/\/archive.sana.sy\/tr\/index.php?rest_route=%2Fwp%2Fv2%2Fmedia&parent=314815"}],"wp:term":[{"taxonomy":"category","embeddable":true,"href":"https:\/\/archive.sana.sy\/tr\/index.php?rest_route=%2Fwp%2Fv2%2Fcategories&post=314815"},{"taxonomy":"post_tag","embeddable":true,"href":"https:\/\/archive.sana.sy\/tr\/index.php?rest_route=%2Fwp%2Fv2%2Ftags&post=314815"}],"curies":[{"name":"wp","href":"https:\/\/api.w.org\/{rel}","templated":true}]}}