{"id":314872,"date":"2025-02-03T10:03:34","date_gmt":"2025-02-03T07:03:34","guid":{"rendered":"https:\/\/sana.sy\/tr\/?p=314872"},"modified":"2025-02-03T10:03:34","modified_gmt":"2025-02-03T07:03:34","slug":"kadin-isleri-ofisi-baskani-ozel-ingiliz-temsilcisi-ile-suriyedeki-kalkinmanin-desteklemesi-ve-yaptirimlarin-kaldirmasi-gerekliligini-gorustu","status":"publish","type":"post","link":"https:\/\/archive.sana.sy\/tr\/?p=314872","title":{"rendered":"Kad\u0131n \u0130\u015fleri Ofisi Ba\u015fkan\u0131, \u00d6zel \u0130ngiliz Temsilcisi \u0130le Suriye\u2019deki Kalk\u0131nman\u0131n Desteklemesi Ve Yapt\u0131r\u0131mlar\u0131n Kald\u0131rmas\u0131 Gereklili\u011fini G\u00f6r\u00fc\u015ft\u00fc"},"content":{"rendered":"<p style=\"text-align: justify;\"><strong>\u015eAM (SANA) \u2013<\/strong> Suriye\u2019deki Kad\u0131n \u0130\u015fleri Ofisi Ba\u015fkan\u0131 Ay\u015fe El Dibis, \u0130ngiltere&#8217;nin Suriye \u00d6zel Temsilcisi Anne Snow ile g\u00f6r\u00fc\u015ferek, Birle\u015fik Krall\u0131k&#8217;a Suriye halk\u0131n\u0131n yan\u0131nda durmas\u0131 ve Suriye devrimi y\u0131llar\u0131nda sa\u011flad\u0131\u011f\u0131 t\u00fcm insani ve siyasi yard\u0131m ve destek i\u00e7in te\u015fekk\u00fcr etti.<\/p>\n<p style=\"text-align: justify;\">El Dibis g\u00f6r\u00fc\u015fmede, &#8220;\u015eu anda in\u015faat ve geli\u015ftirme a\u015famas\u0131na giriyoruz, bu nedenle Britanya&#8217;n\u0131n insani destek a\u015famas\u0131ndan, ula\u015fmaya \u00e7al\u0131\u015ft\u0131\u011f\u0131m\u0131z s\u00fcrd\u00fcr\u00fclebilir kalk\u0131nmay\u0131 destekleme a\u015famas\u0131na bizimle birlikte ge\u00e7mesini istiyoruz&#8221; diyerek, bunun \u00f6ncelikle \u00f6zellikle Suriyeli kad\u0131nlar aras\u0131nda yeteneklerin geli\u015ftirilmesine yard\u0131mc\u0131 olunarak sa\u011flanaca\u011f\u0131n\u0131 belirtti.<\/p>\n<p style=\"text-align: justify;\">Kad\u0131n \u0130\u015fleri Ba\u015fkan\u0131, etkili ve aktif \u0130ngiliz kad\u0131nlar\u0131n\u0131n ve Kaptan Pilot Maya \u011eazal ve bilim kad\u0131n\u0131 Safaa El Kamari gibi Britanya&#8217;da ba\u015far\u0131l\u0131 olan Suriyeli kad\u0131nlar\u0131n modelini a\u00e7\u0131klayarak, Yapt\u0131r\u0131mlar tamamen kald\u0131r\u0131lmadan Suriye&#8217;de kad\u0131nlar\u0131n g\u00fc\u00e7lendirilmesinin istenilen sonuca ula\u015f\u0131lamayaca\u011f\u0131n\u0131, \u00e7\u00fcnk\u00fc bu yapt\u0131r\u0131mlar\u0131n sonucunun Suriye halk\u0131n\u0131n oldu\u011funu vurgulad\u0131.<\/p>\n<p style=\"text-align: justify;\">El Dibis ayr\u0131ca, Suriye&#8217;de pek \u00e7ok kriz ve sava\u015f\u0131n ya\u015fand\u0131\u011f\u0131n\u0131 ancak bunlar\u0131n Suriye halk\u0131n\u0131n bar\u0131\u015f ve istikrar\u0131 sevdi\u011fi ger\u00e7e\u011fini de\u011fi\u015ftiremedi\u011fine i\u015faret ederek, Suriye toplumunu olu\u015fturan \u00e7e\u015fitlili\u011fin her zaman Suriye&#8217;ye zenginlik ve parlakl\u0131k kazand\u0131rd\u0131\u011f\u0131n\u0131 kaydetti.<\/p>\n<p style=\"text-align: justify;\">Kendi y\u00f6n\u00fcnden \u0130ngiliz Temsilcisi, \u00fclkesinin Suriye&#8217;deki erken iyile\u015fme programlar\u0131n\u0131 destekleyece\u011fini, gerek e\u011fitim alan\u0131nda, gerekse kad\u0131nlar\u0131n g\u00fc\u00e7lendirilmesi alan\u0131nda bir\u00e7ok ortak \u00e7al\u0131\u015fma yap\u0131laca\u011f\u0131n\u0131 vurgulad\u0131.<\/p>\n","protected":false},"excerpt":{"rendered":"<p>\u015eAM (SANA) \u2013 Suriye\u2019deki Kad\u0131n \u0130\u015fleri Ofisi Ba\u015fkan\u0131 Ay\u015fe El Dibis, \u0130ngiltere&#8217;nin Suriye \u00d6zel Temsilcisi Anne Snow ile g\u00f6r\u00fc\u015ferek, Birle\u015fik Krall\u0131k&#8217;a Suriye halk\u0131n\u0131n yan\u0131nda durmas\u0131 ve Suriye devrimi y\u0131llar\u0131nda sa\u011flad\u0131\u011f\u0131 t\u00fcm insani ve siyasi yard\u0131m ve destek i\u00e7in te\u015fekk\u00fcr etti. El Dibis g\u00f6r\u00fc\u015fmede, &#8220;\u015eu anda in\u015faat ve geli\u015ftirme a\u015famas\u0131na giriyoruz, bu nedenle Britanya&#8217;n\u0131n insani destek &hellip;<\/p>\n","protected":false},"author":39,"featured_media":314873,"comment_status":"closed","ping_status":"closed","sticky":false,"template":"","format":"standard","meta":{"footnotes":""},"categories":[589,479,17988,478],"tags":[],"class_list":["post-314872","post","type-post","status-publish","format-standard","has-post-thumbnail","","category-haber-seridi","category-haberler-yerel","category-son-haberler","category-yerel"],"_links":{"self":[{"href":"https:\/\/archive.sana.sy\/tr\/index.php?rest_route=\/wp\/v2\/posts\/314872","targetHints":{"allow":["GET"]}}],"collection":[{"href":"https:\/\/archive.sana.sy\/tr\/index.php?rest_route=\/wp\/v2\/posts"}],"about":[{"href":"https:\/\/archive.sana.sy\/tr\/index.php?rest_route=\/wp\/v2\/types\/post"}],"author":[{"embeddable":true,"href":"https:\/\/archive.sana.sy\/tr\/index.php?rest_route=\/wp\/v2\/users\/39"}],"replies":[{"embeddable":true,"href":"https:\/\/archive.sana.sy\/tr\/index.php?rest_route=%2Fwp%2Fv2%2Fcomments&post=314872"}],"version-history":[{"count":1,"href":"https:\/\/archive.sana.sy\/tr\/index.php?rest_route=\/wp\/v2\/posts\/314872\/revisions"}],"predecessor-version":[{"id":314874,"href":"https:\/\/archive.sana.sy\/tr\/index.php?rest_route=\/wp\/v2\/posts\/314872\/revisions\/314874"}],"wp:featuredmedia":[{"embeddable":true,"href":"https:\/\/archive.sana.sy\/tr\/index.php?rest_route=\/wp\/v2\/media\/314873"}],"wp:attachment":[{"href":"https:\/\/archive.sana.sy\/tr\/index.php?rest_route=%2Fwp%2Fv2%2Fmedia&parent=314872"}],"wp:term":[{"taxonomy":"category","embeddable":true,"href":"https:\/\/archive.sana.sy\/tr\/index.php?rest_route=%2Fwp%2Fv2%2Fcategories&post=314872"},{"taxonomy":"post_tag","embeddable":true,"href":"https:\/\/archive.sana.sy\/tr\/index.php?rest_route=%2Fwp%2Fv2%2Ftags&post=314872"}],"curies":[{"name":"wp","href":"https:\/\/api.w.org\/{rel}","templated":true}]}}