{"id":314877,"date":"2025-02-03T11:25:04","date_gmt":"2025-02-03T08:25:04","guid":{"rendered":"https:\/\/sana.sy\/tr\/?p=314877"},"modified":"2025-02-03T18:15:50","modified_gmt":"2025-02-03T15:15:50","slug":"cumhurbaskani-el-sara-sdaia-merkezini-ziyaret-etti-ve-krallikta-yapay-zekadaki-en-son-gelismeler-hakkinda-bilgi-aldi","status":"publish","type":"post","link":"https:\/\/archive.sana.sy\/tr\/?p=314877","title":{"rendered":"Cumhurba\u015fkan\u0131 El \u015eara, SDAIA Merkezini Ziyaret Etti Ve Krall\u0131k&#8217;ta Yapay Zekadaki En Son Geli\u015fmeler Hakk\u0131nda Bilgi Ald\u0131"},"content":{"rendered":"<p style=\"text-align: justify;\"><strong><span style=\"color: #ff0000;\"><span style=\"color: #800000;\">R\u0130YAD (SANA) \u2013<\/span> <\/span><\/strong>Suriye Arap Cumhuriyeti Cumhurba\u015fkan\u0131 Ahmed El \u015eara, D\u0131\u015fi\u015fleri ve Gurbet\u00e7iler Bakan\u0131 Asaad El \u015eeybani ve beraberindeki heyet, Suudi Arabistan&#8217;a yapt\u0131\u011f\u0131 mevcut ziyaret kapsam\u0131nda Suudi Veri ve Yapay Zeka Kurumu SADAIA &#8216;n\u0131n genel merkezini ziyaret etti.<\/p>\n<p style=\"text-align: justify;\"><img loading=\"lazy\" decoding=\"async\" class=\"size-full wp-image-314884 alignright\" src=\"http:\/\/sana.sy\/tr\/wp-content\/uploads\/2025\/02\/11-300x168-3.jpg\" alt=\"\" width=\"300\" height=\"168\" \/>Suudi Arabistan, Bas\u0131n Ajans\u0131 (SPA) haberine g\u00f6re, Cumhurba\u015fkan\u0131 El \u015eara, \u201cSDAIA\u201dn\u0131n veri ve yapay zeka alan\u0131ndaki teknik tesislerini ziyaret etti ve Suudi Veri ve Yapay Zeka Kurumu Ba\u015fkan\u0131 Dr. Abdullah \u015eeref Gam&#8217;di&#8217;den Krall\u0131\u011f\u0131 b\u00f6lgede k\u00fcresel bir merkez haline getirmek; Yapay zeka teknikleri i\u00e7in veriye dayal\u0131 ulusal bir ekonomi in\u015fa etmek amac\u0131yla \u201cSuudi Vizyonu 2030\u201d \u00e7er\u00e7evesinde Krall\u0131\u011f\u0131n bu alandaki \u00e7abalar\u0131 hakk\u0131nda brifing dinledi.<\/p>\n<p style=\"text-align: justify;\">Ziyarette dijital ekonomi sistemi, Ulusal Siber G\u00fcvenlik Kurumu ve Zekat, Vergi ve G\u00fcmr\u00fck Kurumu&#8217;ndan g\u00f6rsel sunumlar yap\u0131ld\u0131.<\/p>\n<p style=\"text-align: justify;\">Cumhurba\u015fkan\u0131 El \u015eara ve beraberindeki heyet, SADAIA&#8217;ya yapt\u0131\u011f\u0131 ziyarette, geli\u015finde Devlet Bakan\u0131, Bakanlar Kurulu \u00dcyesi, Suudi Siber G\u00fcvenlik Kurumu Y\u00f6netim Kurulu Ba\u015fkan\u0131 Dr. Musaid bin Muhammed El Ayban ve \u0130leti\u015fim ve Bilgi Teknolojileri Bakan\u0131 M\u00fch. Abdullah bin Amir El Sevehe, Suudi Veri ve Yapay Zeka Kurumu ba\u015fkan\u0131 Dr. Abdullah \u015eeraf El \u011eamdi, Ulusal Siber G\u00fcvenlik Otoritesi Valisi M\u00fch. Macid bin Muhemmed El Mazyid ve Zekat Valisi, Vergi ve G\u00fcmr\u00fck Dairesi Ba\u015fkan\u0131 Say\u0131n S\u00fcheyl bin Muhemmed Abanmi ve \u00e7ok say\u0131da Suudi yetkili taraf\u0131ndan kar\u015f\u0131land\u0131.<\/p>\n","protected":false},"excerpt":{"rendered":"<p>R\u0130YAD (SANA) \u2013 Suriye Arap Cumhuriyeti Cumhurba\u015fkan\u0131 Ahmed El \u015eara, D\u0131\u015fi\u015fleri ve Gurbet\u00e7iler Bakan\u0131 Asaad El \u015eeybani ve beraberindeki heyet, Suudi Arabistan&#8217;a yapt\u0131\u011f\u0131 mevcut ziyaret kapsam\u0131nda Suudi Veri ve Yapay Zeka Kurumu SADAIA &#8216;n\u0131n genel merkezini ziyaret etti. Suudi Arabistan, Bas\u0131n Ajans\u0131 (SPA) haberine g\u00f6re, Cumhurba\u015fkan\u0131 El \u015eara, \u201cSDAIA\u201dn\u0131n veri ve yapay zeka alan\u0131ndaki teknik &hellip;<\/p>\n","protected":false},"author":39,"featured_media":314879,"comment_status":"closed","ping_status":"closed","sticky":false,"template":"","format":"standard","meta":{"footnotes":""},"categories":[458,589,459,605],"tags":[],"class_list":["post-314877","post","type-post","status-publish","format-standard","has-post-thumbnail","","category-dunya1","category-haber-seridi","category-haberler-arap-uluslararasi-politika","category-sayin-cumhurbaskani"],"_links":{"self":[{"href":"https:\/\/archive.sana.sy\/tr\/index.php?rest_route=\/wp\/v2\/posts\/314877","targetHints":{"allow":["GET"]}}],"collection":[{"href":"https:\/\/archive.sana.sy\/tr\/index.php?rest_route=\/wp\/v2\/posts"}],"about":[{"href":"https:\/\/archive.sana.sy\/tr\/index.php?rest_route=\/wp\/v2\/types\/post"}],"author":[{"embeddable":true,"href":"https:\/\/archive.sana.sy\/tr\/index.php?rest_route=\/wp\/v2\/users\/39"}],"replies":[{"embeddable":true,"href":"https:\/\/archive.sana.sy\/tr\/index.php?rest_route=%2Fwp%2Fv2%2Fcomments&post=314877"}],"version-history":[{"count":2,"href":"https:\/\/archive.sana.sy\/tr\/index.php?rest_route=\/wp\/v2\/posts\/314877\/revisions"}],"predecessor-version":[{"id":314916,"href":"https:\/\/archive.sana.sy\/tr\/index.php?rest_route=\/wp\/v2\/posts\/314877\/revisions\/314916"}],"wp:featuredmedia":[{"embeddable":true,"href":"https:\/\/archive.sana.sy\/tr\/index.php?rest_route=\/wp\/v2\/media\/314879"}],"wp:attachment":[{"href":"https:\/\/archive.sana.sy\/tr\/index.php?rest_route=%2Fwp%2Fv2%2Fmedia&parent=314877"}],"wp:term":[{"taxonomy":"category","embeddable":true,"href":"https:\/\/archive.sana.sy\/tr\/index.php?rest_route=%2Fwp%2Fv2%2Fcategories&post=314877"},{"taxonomy":"post_tag","embeddable":true,"href":"https:\/\/archive.sana.sy\/tr\/index.php?rest_route=%2Fwp%2Fv2%2Ftags&post=314877"}],"curies":[{"name":"wp","href":"https:\/\/api.w.org\/{rel}","templated":true}]}}